{"id":1769,"date":"2014-10-18T21:25:05","date_gmt":"2014-10-18T21:25:05","guid":{"rendered":"http:\/\/amdhparis.org\/wordpress\/?p=1769"},"modified":"2014-10-18T22:11:00","modified_gmt":"2014-10-18T22:11:00","slug":"maroc-la-situation-des-droits-de-lhomme-role-de-limpunite-avec-khadija-ryadi","status":"publish","type":"post","link":"http:\/\/amdhparis.org\/wordpress\/?p=1769","title":{"rendered":"Maroc &#8211; La situation des droits de l\u2019homme R\u00f4le de l\u2019impunit\u00e9 avec Khadija RYADI."},"content":{"rendered":"<p>&nbsp;<\/p>\n<p style=\"text-align: justify;\"><a href=\"http:\/\/amdhparis.org\/wordpress\/wp-content\/uploads\/2014\/10\/d\u00e9bat-Ryadi-Khadija.jpg\"><img loading=\"lazy\" decoding=\"async\" class=\"aligncenter size-large wp-image-1771\" alt=\"d\u00e9bat Ryadi Khadija\" src=\"http:\/\/amdhparis.org\/wordpress\/wp-content\/uploads\/2014\/10\/d\u00e9bat-Ryadi-Khadija-724x1024.jpg\" width=\"560\" height=\"792\" srcset=\"http:\/\/amdhparis.org\/wordpress\/wp-content\/uploads\/2014\/10\/d\u00e9bat-Ryadi-Khadija-724x1024.jpg 724w, http:\/\/amdhparis.org\/wordpress\/wp-content\/uploads\/2014\/10\/d\u00e9bat-Ryadi-Khadija-212x300.jpg 212w, http:\/\/amdhparis.org\/wordpress\/wp-content\/uploads\/2014\/10\/d\u00e9bat-Ryadi-Khadija-560x792.jpg 560w, http:\/\/amdhparis.org\/wordpress\/wp-content\/uploads\/2014\/10\/d\u00e9bat-Ryadi-Khadija-260x367.jpg 260w, http:\/\/amdhparis.org\/wordpress\/wp-content\/uploads\/2014\/10\/d\u00e9bat-Ryadi-Khadija-160x226.jpg 160w, http:\/\/amdhparis.org\/wordpress\/wp-content\/uploads\/2014\/10\/d\u00e9bat-Ryadi-Khadija.jpg 794w\" sizes=\"auto, (max-width: 560px) 100vw, 560px\" \/><\/a><\/p>\n<p style=\"text-align: justify;\"><span style=\"text-decoration: underline;\"><strong>Khadija Ryadi\u00a0<\/strong><\/span>: Ancienne pr\u00e9sidente de l\u2019Association Marocaine des Droits Humains (AMDH) Laur\u00e9ate du prix 2013 de l\u2019ONU pour la cause des droits de l\u2019Homme<\/p>\n<p style=\"text-align: justify;\"><em>\u00ab\u00a0Le point le plus important, aujourd\u2019hui, c\u2019est que l\u2019impunit\u00e9 r\u00e8gne au Maroc. C\u2019est elle qui autorise les violations graves des droits de l\u2019homme commises par l\u2019\u00c9tat car ses responsables ne sont jamais poursuivis pour leurs crimes. La justice marocaine n\u2019est pas ind\u00e9pendante, elle est instrumentalis\u00e9e par le pouvoir et permet de blanchir ceux qui se rendent coupables de violations des droits de l\u2019homme. Les d\u00e9tournements de fonds publics, le pillage des ressources naturelles du Maroc par des entreprises ou des individus, sont des crimes mais ne sont jamais punis et cela encourage d\u2019autres \u00e0 agir de m\u00eame.\u00a0\u00bb<\/em> K. RYADI.<\/p>\n<p><strong><img loading=\"lazy\" decoding=\"async\" alt=\"-\" src=\"http:\/\/atmf.org\/local\/cache-vignettes\/L8xH11\/puce-32883.gif\" width=\"8\" height=\"11\" \/>\u00a0Atmf Nancy &gt;&gt;&gt; Jeudi 6 novembre 2014<\/strong><\/p>\n<p><strong>\u00e0 20 h au MJC Pichon &#8211; 7, Boulevard du Recteur Senn, 54000 Nancy<\/strong><\/p>\n<p><strong><img loading=\"lazy\" decoding=\"async\" alt=\"-\" src=\"http:\/\/atmf.org\/local\/cache-vignettes\/L8xH11\/puce-32883.gif\" width=\"8\" height=\"11\" \/>\u00a0Atmf Dijon &gt;&gt;&gt; Vendredi 7 novembre 2014<\/strong><\/p>\n<p><strong>\u00e0 20h \u00e0 la Maison des associations 2 rue des corroyeurs, Dijon en partenariat avec AMDH, CNT, LDH<\/strong><\/p>\n<p><strong><img loading=\"lazy\" decoding=\"async\" alt=\"-\" src=\"http:\/\/atmf.org\/local\/cache-vignettes\/L8xH11\/puce-32883.gif\" width=\"8\" height=\"11\" \/>\u00a0Atmf Strasbourg &gt;&gt;&gt; Samedi 8 novembre 2014<\/strong><\/p>\n<p><strong>\u00e0 16h30 \u00e0 la maison des Associations &#8211; Salle Marguerite Yourcenar &#8211; Rez-de-chauss\u00e9e, 1\u00aa place des Orphelins &#8211; 67000 Strasbourg<\/strong><\/p>\n<p>&nbsp;<\/p>\n<p><a href=\"http:\/\/amdhparis.org\/wordpress\/wp-content\/uploads\/2014\/10\/Ryadi-Nancy.jpg\"><img loading=\"lazy\" decoding=\"async\" class=\"aligncenter size-full wp-image-1773\" alt=\"Ryadi Nancy\" src=\"http:\/\/amdhparis.org\/wordpress\/wp-content\/uploads\/2014\/10\/Ryadi-Nancy.jpg\" width=\"396\" height=\"561\" srcset=\"http:\/\/amdhparis.org\/wordpress\/wp-content\/uploads\/2014\/10\/Ryadi-Nancy.jpg 396w, http:\/\/amdhparis.org\/wordpress\/wp-content\/uploads\/2014\/10\/Ryadi-Nancy-211x300.jpg 211w, http:\/\/amdhparis.org\/wordpress\/wp-content\/uploads\/2014\/10\/Ryadi-Nancy-260x368.jpg 260w, http:\/\/amdhparis.org\/wordpress\/wp-content\/uploads\/2014\/10\/Ryadi-Nancy-160x226.jpg 160w\" sizes=\"auto, (max-width: 396px) 100vw, 396px\" \/><\/a><\/p>\n<p><a href=\"http:\/\/amdhparis.org\/wordpress\/wp-content\/uploads\/2014\/10\/Ryadi-Dijon.jpg\"><img loading=\"lazy\" decoding=\"async\" class=\"aligncenter size-full wp-image-1774\" alt=\"Ryadi Dijon\" src=\"http:\/\/amdhparis.org\/wordpress\/wp-content\/uploads\/2014\/10\/Ryadi-Dijon.jpg\" width=\"398\" height=\"561\" srcset=\"http:\/\/amdhparis.org\/wordpress\/wp-content\/uploads\/2014\/10\/Ryadi-Dijon.jpg 398w, http:\/\/amdhparis.org\/wordpress\/wp-content\/uploads\/2014\/10\/Ryadi-Dijon-212x300.jpg 212w, http:\/\/amdhparis.org\/wordpress\/wp-content\/uploads\/2014\/10\/Ryadi-Dijon-260x366.jpg 260w, http:\/\/amdhparis.org\/wordpress\/wp-content\/uploads\/2014\/10\/Ryadi-Dijon-160x225.jpg 160w\" sizes=\"auto, (max-width: 398px) 100vw, 398px\" \/><\/a><\/p>\n<p><a href=\"http:\/\/amdhparis.org\/wordpress\/wp-content\/uploads\/2014\/10\/Ryadi-Strasbourg.jpg\"><img loading=\"lazy\" decoding=\"async\" class=\"aligncenter size-full wp-image-1775\" alt=\"Ryadi Strasbourg\" src=\"http:\/\/amdhparis.org\/wordpress\/wp-content\/uploads\/2014\/10\/Ryadi-Strasbourg.jpg\" width=\"401\" height=\"563\" srcset=\"http:\/\/amdhparis.org\/wordpress\/wp-content\/uploads\/2014\/10\/Ryadi-Strasbourg.jpg 401w, http:\/\/amdhparis.org\/wordpress\/wp-content\/uploads\/2014\/10\/Ryadi-Strasbourg-213x300.jpg 213w, http:\/\/amdhparis.org\/wordpress\/wp-content\/uploads\/2014\/10\/Ryadi-Strasbourg-260x365.jpg 260w, http:\/\/amdhparis.org\/wordpress\/wp-content\/uploads\/2014\/10\/Ryadi-Strasbourg-160x224.jpg 160w\" sizes=\"auto, (max-width: 401px) 100vw, 401px\" \/><\/a><\/p>\n<p><span style=\"text-decoration: underline;\"><strong>lien source<\/strong><\/span><\/p>\n<p><a id=\"yui_3_16_0_9_1413665546827_22\" href=\"http:\/\/atmf.org\/Maroc-La-situation-des-droits-de-l\">http:\/\/atmf.org\/Maroc-La-situation-des-droits-de-l<\/a><\/p>\n","protected":false},"excerpt":{"rendered":"<p>&nbsp; Khadija Ryadi\u00a0: Ancienne pr\u00e9sidente de l\u2019Association Marocaine des Droits Humains (AMDH) Laur\u00e9ate du prix 2013 de l\u2019ONU pour la cause des droits de l\u2019Homme \u00ab\u00a0Le point le plus important, aujourd\u2019hui, c\u2019est que l\u2019impunit\u00e9 r\u00e8gne au Maroc. C\u2019est elle qui autorise les violations graves des droits de l\u2019homme commises par l\u2019\u00c9tat car ses responsables ne [&hellip;]<\/p>\n","protected":false},"author":1,"featured_media":0,"comment_status":"open","ping_status":"open","sticky":false,"template":"","format":"standard","meta":{"footnotes":""},"categories":[6],"tags":[],"class_list":["post-1769","post","type-post","status-publish","format-standard","hentry","category-communiques"],"post_mailing_queue_ids":[],"_links":{"self":[{"href":"http:\/\/amdhparis.org\/wordpress\/index.php?rest_route=\/wp\/v2\/posts\/1769","targetHints":{"allow":["GET"]}}],"collection":[{"href":"http:\/\/amdhparis.org\/wordpress\/index.php?rest_route=\/wp\/v2\/posts"}],"about":[{"href":"http:\/\/amdhparis.org\/wordpress\/index.php?rest_route=\/wp\/v2\/types\/post"}],"author":[{"embeddable":true,"href":"http:\/\/amdhparis.org\/wordpress\/index.php?rest_route=\/wp\/v2\/users\/1"}],"replies":[{"embeddable":true,"href":"http:\/\/amdhparis.org\/wordpress\/index.php?rest_route=%2Fwp%2Fv2%2Fcomments&post=1769"}],"version-history":[{"count":11,"href":"http:\/\/amdhparis.org\/wordpress\/index.php?rest_route=\/wp\/v2\/posts\/1769\/revisions"}],"predecessor-version":[{"id":1784,"href":"http:\/\/amdhparis.org\/wordpress\/index.php?rest_route=\/wp\/v2\/posts\/1769\/revisions\/1784"}],"wp:attachment":[{"href":"http:\/\/amdhparis.org\/wordpress\/index.php?rest_route=%2Fwp%2Fv2%2Fmedia&parent=1769"}],"wp:term":[{"taxonomy":"category","embeddable":true,"href":"http:\/\/amdhparis.org\/wordpress\/index.php?rest_route=%2Fwp%2Fv2%2Fcategories&post=1769"},{"taxonomy":"post_tag","embeddable":true,"href":"http:\/\/amdhparis.org\/wordpress\/index.php?rest_route=%2Fwp%2Fv2%2Ftags&post=1769"}],"curies":[{"name":"wp","href":"https:\/\/api.w.org\/{rel}","templated":true}]}}