{"id":264,"date":"2012-01-22T12:17:32","date_gmt":"2012-01-22T12:17:32","guid":{"rendered":"http:\/\/amdhparis.org\/wordpress\/?p=264"},"modified":"2012-01-22T12:23:09","modified_gmt":"2012-01-22T12:23:09","slug":"invitation-a-la-formation-amdh-et-droits-humains-histoire-references-outils-de-travail-et-combats","status":"publish","type":"post","link":"http:\/\/amdhparis.org\/wordpress\/?p=264","title":{"rendered":"INVITATION A LA FORMATION : AMDH et droits humains : Histoire, r\u00e9f\u00e9rences, outils de travail et combats."},"content":{"rendered":"<p>Dans le cadre de la pr\u00e9paration de cr\u00e9ation d\u2019une section Paris de l\u2019AMDH, tous les membres de l\u2019AMDH sont invit\u00e9s \u00e0 la formation qui se tiendra le 04 F\u00e9vrier 2012 [Cf. plan d\u2019acc\u00e8s plus bas]<br \/>\nLa formation sera d\u00e9livr\u00e9e par M Assal Membre du Bureau Central de l\u2019AMDH au Maroc.<\/p>\n<p>La formation se d\u00e9roulera comme suit :<\/p>\n<p><strong>De 9h30 \u00e0 12h00 : Pour mieux conna\u00eetre l\u2019AMDH<\/strong><\/p>\n<ul>\n<li>L\u2019histoire de l&rsquo;association<\/li>\n<li>Piliers et valeurs<\/li>\n<li>Principaux combats<\/li>\n<\/ul>\n<p><strong>De 13h00 \u00e0 16h00 : Droits de l\u2019Homme et les libert\u00e9s fondamentales<\/strong><\/p>\n<ul>\n<li>\u00c9mergence historique<\/li>\n<li>Mode d&rsquo;action et de mobilisation<\/li>\n<li>Situation des droits humains au Maroc (sujet d&rsquo;actualit\u00e9 au choix)<\/li>\n<\/ul>\n<p><span style=\"color: #ff0000;\"><strong>Le nombre de places \u00e9tant limit\u00e9<\/strong><\/span>, nous vous invitons \u00e0 nous confirmer votre participation au plus tard le <strong><span style=\"color: #ff0000;\">01 F\u00e9vrier 2012<\/span><\/strong> par e-mail \u00e0 l\u2019adresse suivante : <span style=\"color: #0000ff;\">amdh.paris@gmail.com<\/span><\/p>\n<p>Si pour une raison ou une autre vous ne pouviez plus venir, veuillez nous nous pr\u00e9venir 48H \u00e0 l\u2019avance afin que nous puissions faire profiter une autre personne.<\/p>\n<p>CONTACTS : <span style=\"color: #0000ff;\">amdh.paris@gmail.com<\/span><\/p>\n<p>ADRESSE :<\/p>\n<p style=\"text-align: center;\"><strong>Au local de l\u2019Association des Marocains de France (AMF) <\/strong><\/p>\n<p style=\"text-align: center;\"><strong>11 rue \u00c9douard Vaillant \u2013 93200 Saint<\/strong><\/p>\n<p style=\"text-align: center;\"><strong>M\u00e9tro Basilique de Saint-Denis<\/strong><\/p>\n<p><iframe loading=\"lazy\" width=\"425\" height=\"350\" frameborder=\"0\" scrolling=\"no\" marginheight=\"0\" marginwidth=\"0\" src=\"http:\/\/maps.google.fr\/maps?hl=fr&amp;q=11+rue+%C3%89douard+Vaillant+%E2%80%93+93200&amp;ie=UTF8&amp;hq=&amp;hnear=11+Rue+%C3%89douard+Vaillant,+93200+Saint-Denis,+Seine-Saint-Denis,+%C3%8Ele-de-France&amp;gl=fr&amp;t=m&amp;vpsrc=0&amp;z=14&amp;iwloc=A&amp;output=embed\"><\/iframe><br \/><small><a href=\"http:\/\/maps.google.fr\/maps?hl=fr&amp;q=11+rue+%C3%89douard+Vaillant+%E2%80%93+93200&amp;ie=UTF8&amp;hq=&amp;hnear=11+Rue+%C3%89douard+Vaillant,+93200+Saint-Denis,+Seine-Saint-Denis,+%C3%8Ele-de-France&amp;gl=fr&amp;t=m&amp;vpsrc=0&amp;z=14&amp;iwloc=A&amp;source=embed\" style=\"color:#0000FF;text-align:left\">Agrandir le plan<\/a><\/small><br \/>\nSi vous n\u2019arrivez pas \u00e0 visualiser, cliquer sur le lient suivant : http:\/\/g.co\/maps\/w7rja<\/p>\n","protected":false},"excerpt":{"rendered":"<p>Dans le cadre de la pr\u00e9paration de cr\u00e9ation d\u2019une section Paris de l\u2019AMDH, tous les membres de l\u2019AMDH sont invit\u00e9s \u00e0 la formation qui se tiendra le 04 F\u00e9vrier 2012 [Cf. plan d\u2019acc\u00e8s plus bas] La formation sera d\u00e9livr\u00e9e par M Assal Membre du Bureau Central de l\u2019AMDH au Maroc. La formation se d\u00e9roulera comme [&hellip;]<\/p>\n","protected":false},"author":1,"featured_media":0,"comment_status":"open","ping_status":"open","sticky":false,"template":"","format":"standard","meta":{"footnotes":""},"categories":[6,3],"tags":[14,33,31,30,32],"class_list":["post-264","post","type-post","status-publish","format-standard","hentry","category-communiques","category-evenements","tag-amdh","tag-droits-de-lhomme","tag-formation","tag-invitation","tag-paris"],"post_mailing_queue_ids":[],"_links":{"self":[{"href":"http:\/\/amdhparis.org\/wordpress\/index.php?rest_route=\/wp\/v2\/posts\/264","targetHints":{"allow":["GET"]}}],"collection":[{"href":"http:\/\/amdhparis.org\/wordpress\/index.php?rest_route=\/wp\/v2\/posts"}],"about":[{"href":"http:\/\/amdhparis.org\/wordpress\/index.php?rest_route=\/wp\/v2\/types\/post"}],"author":[{"embeddable":true,"href":"http:\/\/amdhparis.org\/wordpress\/index.php?rest_route=\/wp\/v2\/users\/1"}],"replies":[{"embeddable":true,"href":"http:\/\/amdhparis.org\/wordpress\/index.php?rest_route=%2Fwp%2Fv2%2Fcomments&post=264"}],"version-history":[{"count":16,"href":"http:\/\/amdhparis.org\/wordpress\/index.php?rest_route=\/wp\/v2\/posts\/264\/revisions"}],"predecessor-version":[{"id":280,"href":"http:\/\/amdhparis.org\/wordpress\/index.php?rest_route=\/wp\/v2\/posts\/264\/revisions\/280"}],"wp:attachment":[{"href":"http:\/\/amdhparis.org\/wordpress\/index.php?rest_route=%2Fwp%2Fv2%2Fmedia&parent=264"}],"wp:term":[{"taxonomy":"category","embeddable":true,"href":"http:\/\/amdhparis.org\/wordpress\/index.php?rest_route=%2Fwp%2Fv2%2Fcategories&post=264"},{"taxonomy":"post_tag","embeddable":true,"href":"http:\/\/amdhparis.org\/wordpress\/index.php?rest_route=%2Fwp%2Fv2%2Ftags&post=264"}],"curies":[{"name":"wp","href":"https:\/\/api.w.org\/{rel}","templated":true}]}}