{"id":4300,"date":"2017-08-10T09:02:39","date_gmt":"2017-08-10T09:02:39","guid":{"rendered":"http:\/\/amdhparis.org\/wordpress\/?p=4300"},"modified":"2017-08-10T09:05:30","modified_gmt":"2017-08-10T09:05:30","slug":"sit-in-de-solidarite-avec-les-martyrs-du-peuple-marocain-imad-ittabi-et-el-ghazi-khelada","status":"publish","type":"post","link":"http:\/\/amdhparis.org\/wordpress\/?p=4300","title":{"rendered":"SIT IN DE SOLIDARITE AVEC LES MARTYRS DU PEUPLE MAROCAIN IMAD ITTABI ET EL GHAZI KHELADA"},"content":{"rendered":"<h3 style=\"margin: 0cm 0cm 0.0001pt; text-align: center;\" align=\"center\"><b><span style=\"font-size: 16.0pt;\">SIT IN DE SOLIDARITE AVEC LES MARTYRS DU PEUPLE MAROCAIN IMAD ITTABI ET EL GHAZI KHELADA<\/span><\/b><\/h3>\n<h5 style=\"margin: 0cm 0cm 0.0001pt; background-image: initial; background-position: initial; background-size: initial; background-repeat: initial; background-origin: initial; background-clip: initial; text-align: center;\" align=\"center\"><em><b><span style=\"font-size: 16.0pt;\">VENDREDI 11 AOUT 19H\u00a0<\/span><\/b><b><span style=\"font-size: 16.0pt;\">DEVANT L\u2019AMBASSADE DU MAROC\u00a0<\/span><\/b><b><span style=\"font-size: 16.0pt;\">5, RUE LE TASSE, 75016<\/span><\/b><\/em><\/h5>\n<p style=\"margin: 0cm 0cm 0.0001pt; background-image: initial; background-position: initial; background-size: initial; background-repeat: initial; background-origin: initial; background-clip: initial; text-align: justify;\" align=\"center\"><b><span style=\"font-size: 16.0pt;\">\u00a0<\/span><\/b><\/p>\n<p style=\"margin: 0cm 0cm 0.0001pt; background-image: initial; background-position: initial; background-size: initial; background-repeat: initial; background-origin: initial; background-clip: initial; text-align: justify;\"><span style=\"font-size: 14.0pt;\">Une semaine apr\u00e8s la mort tragique d&rsquo;El Ghazi Khelada \u00e0 Beni Mellal \u00e0 l&rsquo;issu de sa gr\u00e8ve de la faim entam\u00e9e en avril dernier, un autre \u00e9v\u00e9nement sanglant vient frapper le pays dans le rif mobilis\u00e9 depuis l&rsquo;assassinat de Mouhcine Fikri en octobre dernier.<\/span><\/p>\n<p style=\"margin: 0cm 0cm 0.0001pt; background-image: initial; background-position: initial; background-size: initial; background-repeat: initial; background-origin: initial; background-clip: initial; text-align: justify;\"><span style=\"font-size: 14.0pt;\">\u00a0<\/span><\/p>\n<p style=\"margin: 0cm 0cm 0.0001pt; background-image: initial; background-position: initial; background-size: initial; background-repeat: initial; background-origin: initial; background-clip: initial; text-align: justify;\"><span style=\"font-size: 14.0pt;\">Imad Al Attabi faisait partie des manifestant-e-s de la grande marche du 20 juillet \u00e0 El Hoceima o\u00f9 r\u00e9pression et violences polici\u00e8res \u00e9taient au rendez-vous. Bless\u00e9\u00a0\u00e0 la t\u00eate par une grenade lacrymog\u00e8ne,\u00a0Imad\u00a0s\u2019est retrouv\u00e9 dans le coma et a \u00e9t\u00e9 transf\u00e9r\u00e9 \u00e0 Rabat pour y \u00eatre hospitalis\u00e9 pendant plus de trois semaines avant que son d\u00e9c\u00e8s ne soit d\u00e9clar\u00e9 le 8 juillet 2017.<\/span><\/p>\n<p style=\"margin: 0cm 0cm 0.0001pt; background-image: initial; background-position: initial; background-size: initial; background-repeat: initial; background-origin: initial; background-clip: initial; text-align: justify;\"><span style=\"font-size: 13.0pt;\">\u00a0<\/span><\/p>\n<p style=\"margin: 0cm 0cm 0.0001pt; background-image: initial; background-position: initial; background-size: initial; background-repeat: initial; background-origin: initial; background-clip: initial; text-align: justify;\" align=\"center\"><b><span style=\"font-size: 16.0pt;\">L\u2019Association Marocaine des Droits Humains Paris\/IDF appelle \u00e0 un rassemblement pour d\u00e9noncer ces crimes commis par <\/span><\/b><\/p>\n<p style=\"margin: 0cm 0cm 0.0001pt; background-image: initial; background-position: initial; background-size: initial; background-repeat: initial; background-origin: initial; background-clip: initial; text-align: justify;\" align=\"center\"><b><span style=\"font-size: 16.0pt;\">le Makhzen contre le peuple marocain,\u00a0\u00a0les condamnations injustes\u00a0contre\u00a0les jeunes du Hirak,\u00a0la marginalisation syst\u00e9matique de la r\u00e9gion du Rif\u00a0\u00a0et invite tout.te.s les indign\u00e9.e.s \u00e0 y participer ce vendredi 11 ao\u00fbt \u00e0 19h au 5 rue le tasse \u00e0 Paris.<\/span><\/b><\/p>\n","protected":false},"excerpt":{"rendered":"<p>SIT IN DE SOLIDARITE AVEC LES MARTYRS DU PEUPLE MAROCAIN IMAD ITTABI ET EL GHAZI KHELADA VENDREDI 11 AOUT 19H\u00a0DEVANT L\u2019AMBASSADE DU MAROC\u00a05, RUE LE TASSE, 75016 \u00a0 Une semaine apr\u00e8s la mort tragique d&rsquo;El Ghazi Khelada \u00e0 Beni Mellal \u00e0 l&rsquo;issu de sa gr\u00e8ve de la faim entam\u00e9e en avril dernier, un autre \u00e9v\u00e9nement [&hellip;]<\/p>\n","protected":false},"author":1,"featured_media":4301,"comment_status":"closed","ping_status":"closed","sticky":false,"template":"","format":"standard","meta":{"footnotes":""},"categories":[6,78],"tags":[],"class_list":["post-4300","post","type-post","status-publish","format-standard","has-post-thumbnail","hentry","category-communiques","category-une"],"post_mailing_queue_ids":[],"_links":{"self":[{"href":"http:\/\/amdhparis.org\/wordpress\/index.php?rest_route=\/wp\/v2\/posts\/4300","targetHints":{"allow":["GET"]}}],"collection":[{"href":"http:\/\/amdhparis.org\/wordpress\/index.php?rest_route=\/wp\/v2\/posts"}],"about":[{"href":"http:\/\/amdhparis.org\/wordpress\/index.php?rest_route=\/wp\/v2\/types\/post"}],"author":[{"embeddable":true,"href":"http:\/\/amdhparis.org\/wordpress\/index.php?rest_route=\/wp\/v2\/users\/1"}],"replies":[{"embeddable":true,"href":"http:\/\/amdhparis.org\/wordpress\/index.php?rest_route=%2Fwp%2Fv2%2Fcomments&post=4300"}],"version-history":[{"count":2,"href":"http:\/\/amdhparis.org\/wordpress\/index.php?rest_route=\/wp\/v2\/posts\/4300\/revisions"}],"predecessor-version":[{"id":4303,"href":"http:\/\/amdhparis.org\/wordpress\/index.php?rest_route=\/wp\/v2\/posts\/4300\/revisions\/4303"}],"wp:featuredmedia":[{"embeddable":true,"href":"http:\/\/amdhparis.org\/wordpress\/index.php?rest_route=\/wp\/v2\/media\/4301"}],"wp:attachment":[{"href":"http:\/\/amdhparis.org\/wordpress\/index.php?rest_route=%2Fwp%2Fv2%2Fmedia&parent=4300"}],"wp:term":[{"taxonomy":"category","embeddable":true,"href":"http:\/\/amdhparis.org\/wordpress\/index.php?rest_route=%2Fwp%2Fv2%2Fcategories&post=4300"},{"taxonomy":"post_tag","embeddable":true,"href":"http:\/\/amdhparis.org\/wordpress\/index.php?rest_route=%2Fwp%2Fv2%2Ftags&post=4300"}],"curies":[{"name":"wp","href":"https:\/\/api.w.org\/{rel}","templated":true}]}}