{"id":4311,"date":"2017-08-19T10:55:25","date_gmt":"2017-08-19T10:55:25","guid":{"rendered":"http:\/\/amdhparis.org\/wordpress\/?p=4311"},"modified":"2017-08-19T10:55:25","modified_gmt":"2017-08-19T10:55:25","slug":"allocution-de-lamdh-parisidf-lors-du-rassemblement-en-solidarite-avec-le-mouvement-de-contestation-dans-le-rif-et-pour-la-liberation-des-detenus-politiques-20-juillet-2017","status":"publish","type":"post","link":"http:\/\/amdhparis.org\/wordpress\/?p=4311","title":{"rendered":"Allocution de l&rsquo;AMDH Paris\/IDF lors du rassemblement en solidarit\u00e9 avec le mouvement de contestation dans le Rif et pour la lib\u00e9ration des d\u00e9tenus politiques &#8211; 20 Juillet 2017"},"content":{"rendered":"<h3 style=\"text-align: center;\">Allocution de l&rsquo;AMDH Paris\/IDF lors du rassemblement en solidarit\u00e9 avec le mouvement de contestation dans le Rif et pour la lib\u00e9ration des d\u00e9tenus politiques &#8211; 20 Juillet 2017<\/h3>\n<p style=\"text-align: justify;\">Paris, le 20 Juillet 2017<\/p>\n<p style=\"text-align: justify;\"><strong>Cher-e- s ami-e- s, cher-e- s camarades,<\/strong><\/p>\n<p style=\"text-align: justify;\">\nL&rsquo;organisation d&rsquo;une marche nationale dans la ville d&rsquo;El Houceima le Jeudi 20 Juillet 2017 a \u00e9t\u00e9 appel\u00e9e par les coordinations du mouvement du Rif et ont r\u00e9pondu pr\u00e9sentes \u00e0 cet appel toutes les coordinations qui soutiennent le mouvement au niveau national et international. Cette marche nationale co\u00efncide avec une date t\u00e9moin de la grandeur de la lutte du peuple marocain pour son ind\u00e9pendance (bataille d&rsquo;Anoual, 1921) contre la barbarie coloniale. Cette date concorde aussi dans un contexte o\u00f9 l\u2019\u00e9tat marocain r\u00e9prime sauvagement le mouvement social dans le Rif en se vengeant sur ses activistes. Ces attaques prennent plusieurs formes, dont de lourdes poursuites judiciaires sur la base de dossiers mont\u00e9s de toute pi\u00e8ce, la d\u00e9tention, sans oublier les violences verbales, psychologiques et physiques, le traitement inhumain et les menaces de viol.<\/p>\n<p style=\"text-align: justify;\">\n<strong>Cher-e- s ami-e- s, cher-e- s camarades,<\/strong><\/p>\n<p style=\"text-align: justify;\">\nLes revendications du mouvement social dans le Rif, et dans d&rsquo;autres r\u00e9gions, sont au centre de nos luttes pour les droits humains au Maroc et sont aussi une partie de la lutte d\u00e9mocratique contre l&rsquo;oppression et la Hogra&#8230; Cette contestation dans le Rif se joint aux luttes pour la dignit\u00e9, la libert\u00e9, l&rsquo;\u00e9galit\u00e9, la d\u00e9mocratie et la justice sociale. Pour toutes ces raisons, notre organisation, l\u2019association marocaine des droits<br \/>\nhumains (AMDH) a appel\u00e9 toutes ces militantes et tous ces militants, ainsi que toutes les citoyennes et tous les citoyens \u00e0 participer fortement \u00e0 cette manifestation nationale populaire et \u00e0 cette occasion de solidarit\u00e9, de lutte et de r\u00e9sistance, nous tenons \u00e0\u00a0:<\/p>\n<ul style=\"text-align: justify;\">\n<li>Alerter l\u2019opinion publique fran\u00e7aise et internationale sur la situation inqui\u00e9tante des d\u00e9tenu-e- s politiques en gr\u00e8ve de faim notamment l\u2019activiste Rabi\u00e2 El ablaq qui vient d\u2019entrer dans sa 4 \u00eame semaine de gr\u00e8ve de la faim, Sylya qui est en gr\u00e8ve depuis le 15 juillet et le reste des d\u00e9tenu-e- s (presque 237) depuis le 17 juillet 2017.<\/li>\n<li>Exprimer notre soutien \u00e0 toutes et tous les d\u00e9tenu-e- s politiques du Rif et du Maroc et leurs familles et exiger leurs lib\u00e9rations imm\u00e9diates avec abandon des charges sans aucunes conditions.<\/li>\n<li>Ouvrir une enqu\u00eate s\u00e9rieuse et int\u00e8gre concernant les violences subies par les d\u00e9tenu-e- s (torture, diffamation&#8230;) et la poursuite des bourreaux et toutes les personnes impliqu\u00e9es.<\/li>\n<li>Exiger des excuses officielles et publiques de l&rsquo;Etat marocain \u00e0 la population du Rif pour les graves violations des droits humains commises dans le pr\u00e9sent et dans le pass\u00e9es (1958-1959, 1984,2012).<\/li>\n<li>Exiger la fin d\u2019\u00e9tat de si\u00e8ge s\u00e9curitaire et militaire de la r\u00e9gion.<\/li>\n<li>Ouvrir un dialogue direct avec les activistes de la contestation sur la base de leur dossier revendicatif approuv\u00e9 par la population locale.<\/li>\n<li>Interpeler les autorit\u00e9s fran\u00e7aises de cesser son soutien politique, \u00e9conomique et s\u00e9curitaire \u00e0 l\u2019\u00e9tat tyrannique au Maroc.<\/li>\n<\/ul>\n<p style=\"text-align: justify;\">A l&rsquo;occasion de la bataille d&rsquo;Anoual, nous appelons \u00e9galement les deux \u00e9tats fran\u00e7ais et espagnole \u00e0\u00a0:<\/p>\n<ul>\n<li style=\"text-align: justify;\">Pr\u00e9senter officiellement des excuses au Peuple marocain sur les crimes qu\u2019ils ont commis tant du fait de l\u2019exploitation et du pillage de ses richesses durant les ann\u00e9es du colonialisme que des crimes politiques et civils commis \u00e0 l\u2019encontre des r\u00e9sistantes et des r\u00e9sistants.<\/li>\n<li style=\"text-align: justify;\">Reconna\u00eetre les graves dommages caus\u00e9s par les crimes que le colonialisme a commis, les r\u00e9parer et d\u2019en indemniser le Peuple marocain ainsi que pour l\u2019\u00e9puisement de ses richesses.<\/li>\n<\/ul>\n","protected":false},"excerpt":{"rendered":"<p>Allocution de l&rsquo;AMDH Paris\/IDF lors du rassemblement en solidarit\u00e9 avec le mouvement de contestation dans le Rif et pour la lib\u00e9ration des d\u00e9tenus politiques &#8211; 20 Juillet 2017 Paris, le 20 Juillet 2017 Cher-e- s ami-e- s, cher-e- s camarades, L&rsquo;organisation d&rsquo;une marche nationale dans la ville d&rsquo;El Houceima le Jeudi 20 Juillet 2017 a [&hellip;]<\/p>\n","protected":false},"author":1,"featured_media":3913,"comment_status":"open","ping_status":"open","sticky":false,"template":"","format":"standard","meta":{"footnotes":""},"categories":[6,78],"tags":[],"class_list":["post-4311","post","type-post","status-publish","format-standard","has-post-thumbnail","hentry","category-communiques","category-une"],"post_mailing_queue_ids":[],"_links":{"self":[{"href":"http:\/\/amdhparis.org\/wordpress\/index.php?rest_route=\/wp\/v2\/posts\/4311","targetHints":{"allow":["GET"]}}],"collection":[{"href":"http:\/\/amdhparis.org\/wordpress\/index.php?rest_route=\/wp\/v2\/posts"}],"about":[{"href":"http:\/\/amdhparis.org\/wordpress\/index.php?rest_route=\/wp\/v2\/types\/post"}],"author":[{"embeddable":true,"href":"http:\/\/amdhparis.org\/wordpress\/index.php?rest_route=\/wp\/v2\/users\/1"}],"replies":[{"embeddable":true,"href":"http:\/\/amdhparis.org\/wordpress\/index.php?rest_route=%2Fwp%2Fv2%2Fcomments&post=4311"}],"version-history":[{"count":3,"href":"http:\/\/amdhparis.org\/wordpress\/index.php?rest_route=\/wp\/v2\/posts\/4311\/revisions"}],"predecessor-version":[{"id":4314,"href":"http:\/\/amdhparis.org\/wordpress\/index.php?rest_route=\/wp\/v2\/posts\/4311\/revisions\/4314"}],"wp:featuredmedia":[{"embeddable":true,"href":"http:\/\/amdhparis.org\/wordpress\/index.php?rest_route=\/wp\/v2\/media\/3913"}],"wp:attachment":[{"href":"http:\/\/amdhparis.org\/wordpress\/index.php?rest_route=%2Fwp%2Fv2%2Fmedia&parent=4311"}],"wp:term":[{"taxonomy":"category","embeddable":true,"href":"http:\/\/amdhparis.org\/wordpress\/index.php?rest_route=%2Fwp%2Fv2%2Fcategories&post=4311"},{"taxonomy":"post_tag","embeddable":true,"href":"http:\/\/amdhparis.org\/wordpress\/index.php?rest_route=%2Fwp%2Fv2%2Ftags&post=4311"}],"curies":[{"name":"wp","href":"https:\/\/api.w.org\/{rel}","templated":true}]}}