{"id":4449,"date":"2018-01-25T13:28:01","date_gmt":"2018-01-25T13:28:01","guid":{"rendered":"http:\/\/amdhparis.org\/wordpress\/?p=4449"},"modified":"2018-01-25T13:44:34","modified_gmt":"2018-01-25T13:44:34","slug":"lobservatoire-maroc-victimes-dattaques-croissantes-des-associations-des-droits-humains-progressivement-muselees-communique-de-presse-et-note","status":"publish","type":"post","link":"http:\/\/amdhparis.org\/wordpress\/?p=4449","title":{"rendered":"L&rsquo;OBSERVATOIRE  : Maroc : victimes d&rsquo;attaques croissantes, des associations des droits humains progressivement musel\u00e9es (Communiqu\u00e9 de presse et note)"},"content":{"rendered":"<h4 style=\"text-align: center;\"><strong>COMMUNIQUE DE PRESSE\u00a0<\/strong><\/h4>\n<h3 style=\"text-align: center;\"><strong>Maroc\u00a0: victimes d&rsquo;attaques croissantes, des associations des droits humains progressivement musel\u00e9es<\/strong><\/h3>\n<p style=\"text-align: justify;\">(la note en version arabe et fran\u00e7aise est disponible en bas de page)<\/p>\n<p style=\"text-align: justify;\"><strong>Paris-Gen\u00e8ve, le 25 janvier 2018 \u2013<em> L\u2019Observatoire pour la protection des d\u00e9fenseurs des droits de l\u2019Homme (un partenariat FIDH-OMCT) publie aujourd\u2019hui une note d\u00e9crivant le r\u00e9tr\u00e9cissement de l\u2019espace de travail pour la soci\u00e9t\u00e9 civile ind\u00e9pendante au Maroc, qui affecte un nombre grandissant d&rsquo;associations de d\u00e9fense des droits humains. Contraintes et harc\u00e8lement administratif sapent les avanc\u00e9es constitutionnelles de 2011, obtenues dans le sillage du Mouvement du 20 f\u00e9vrier et du \u00ab\u00a0printemps arabe\u00a0\u00bb.<\/em><\/strong><\/p>\n<p style=\"text-align: justify;\">En 2011, le Maroc s\u2019\u00e9tait dot\u00e9 d\u2019une nouvelle constitution, adopt\u00e9e par r\u00e9f\u00e9rendum, et garantissant davantage de libert\u00e9s et de droits humains. Elle consacrait notamment les libert\u00e9s d\u2019opinion et d\u2019expression\u00a0; d\u2019association\u00a0; de rassemblement et de manifestations pacifiques. Le Royaume est par ailleurs li\u00e9 par les obligations juridiques contenues dans les nombreuses conventions internationales qu\u2019il a ratifi\u00e9es.<\/p>\n<p style=\"text-align: justify;\">Toutefois, en raison des sujets qu&rsquo;elles d\u00e9fendent, certaines organisations non gouvernementales (ONG) de d\u00e9fense des droits humains op\u00e8rent dans un contexte toujours plus d\u00e9favorable, les droits inscrits dans la constitution \u00e9tant de moins en moins respect\u00e9s par les autorit\u00e9s administratives et polici\u00e8res. Cette d\u00e9gradation s\u2019est acc\u00e9l\u00e9r\u00e9e en 2014, suite au discours du Ministre de l\u2019int\u00e9rieur devant le parlement. Il y accusait les associations de d\u00e9fense des droits humains de recevoir des fonds de l\u2019\u00e9tranger pour mener des actions nuisant \u00e0 la s\u00e9curit\u00e9 et \u00e0 l\u2019image du Maroc.<\/p>\n<p style=\"text-align: justify;\">La note d\u00e9taille notamment comment trois proc\u00e9d\u00e9s sont utilis\u00e9s par les autorit\u00e9s marocaines\u00a0pour entraver leurs activit\u00e9s. Les entraves dans les proc\u00e9dures d&rsquo;enregistrement\u00a0(refus\u00a0de d\u00e9p\u00f4t, d\u00e9lais)<a href=\"#_ftn1\" name=\"_ftnref1\">[1]<\/a>, y compris pour des associations embl\u00e9matiques de d\u00e9fense des droits humains au Maroc<a href=\"#_ftn2\" name=\"_ftnref2\">[2]<\/a>, les emp\u00eachent d\u2019exister juridiquement, d\u2019ouvrir un compte en banque, d\u2019obtenir un local, et de se pourvoir en justice. En outre, les activit\u00e9s\u00a0(manifestations, r\u00e9unions publiques)<a href=\"#_ftn3\" name=\"_ftnref3\">[3]<\/a> organis\u00e9es par les ONG sont r\u00e9guli\u00e8rement interdites. Enfin, leur acc\u00e8s aux financements est entrav\u00e9 par l\u2019absence d\u2019enregistrement ou de r\u00e9c\u00e9piss\u00e9 d\u00e9finitif<a href=\"#_ftn4\" name=\"_ftnref4\">[4]<\/a>, emp\u00eachant les ONG d\u2019ouvrir un compte bancaire et limitant leur acc\u00e8s aux financements. Cet acc\u00e8s est devenu encore plus probl\u00e9matique avec la nouvelle obligation faite aux bailleurs de fonds internationaux de contacter le minist\u00e8re des Affaires \u00e9trang\u00e8res marocain avant tout financement accord\u00e9 aux associations marocaines<a href=\"#_ftn5\" name=\"_ftnref5\">[5]<\/a>. Si ce nouveau dispositif de mars 2017 vise officiellement \u00e0 lutter contre le financement des groupes terroristes, il est \u00e0 craindre qu\u2019il puisse \u00eatre utilis\u00e9 afin de contr\u00f4ler le financement des ONG ind\u00e9pendantes et critiques de la situation des droits humains au Maroc.<\/p>\n<p style=\"text-align: justify;\">Cet \u00e9touffement progressif des associations ind\u00e9pendantes s\u2019effectue alors que le pays est confront\u00e9 \u00e0 de nouveaux mouvements sociaux depuis fin 2016.<\/p>\n<p style=\"text-align: justify;\"><strong>\u00ab\u00a0<em>Alors que la contestation et les manifestations dans le Rif risquent de d\u00e9g\u00e9n\u00e9rer en nouvelles violences, il est essentiel que le pays respecte sa propre Constitution et ses engagements internationaux en mati\u00e8re de libert\u00e9 d\u2019expression, d\u2019association et de rassemblement. Le Maroc doit \u00e9galement garantir la s\u00e9curit\u00e9 des membres et locaux des ONG de d\u00e9fense des droits humains\u00a0<\/em>\u00bb<\/strong> remarque ainsi Hafidha Chekhir, vice-pr\u00e9sidente de la FIDH.<\/p>\n<p style=\"text-align: justify;\">Enfin, malgr\u00e9 une jurisprudence favorable aux ONG de d\u00e9fense des droits humains, les autorit\u00e9s marocaines interdisent de fa\u00e7on quasi-syst\u00e9matique les activit\u00e9s des ONG \u00e9trang\u00e8res ou leurs branches marocaines. Ainsi, Transparency Maroc, association de lutte contre la corruption, a vu ses activit\u00e9s interdites \u00e0 plusieurs reprises depuis 2013. Plusieurs fois, des juristes et observateurs internationaux ont \u00e9t\u00e9 expuls\u00e9s. Amnesty International et Human Rights Watch ne sont par exemple plus autoris\u00e9es \u00e0 mener leurs enqu\u00eates dans le pays.<\/p>\n<p style=\"text-align: justify;\"><strong>\u00ab\u00a0<em>La rh\u00e9torique gouvernementale amalgame volontairement le travail des ONG de d\u00e9fense des droits humains au terrorisme et \u00e0 l\u2019extr\u00e9misme religieux. L\u2019hostilit\u00e9 \u00e0 leur encontre, qui prend parfois la forme de harc\u00e8lement judiciaire, doit cesser de mani\u00e8re imm\u00e9diate <\/em>\u00bb <\/strong>a d\u00e9nonc\u00e9 Gerald Staberock, Secr\u00e9taire g\u00e9n\u00e9ral de l\u2019OMCT.<\/p>\n<p style=\"text-align: justify;\">L&rsquo;Observatoire appelle les autorit\u00e9s marocaines \u00e0 mettre un terme aux entraves \u00e0 la libert\u00e9 d&rsquo;association, et \u00e0 respecter l&rsquo;ensemble des droits garantis par les instruments internationaux et r\u00e9gionaux de protection des droits humains ratifi\u00e9s par le Maroc, en particulier s\u2019agissant de la libert\u00e9 d\u2019association, de r\u00e9union, de rassemblement, de manifestation pacifique et d\u2019expression.<\/p>\n<p style=\"text-align: justify;\"><em>L\u2019Observatoire, partenariat de la FIDH et de l\u2019Organisation mondiale contre la torture (OMCT), a vocation \u00e0 prot\u00e9ger les d\u00e9fenseurs des droits de l\u2019Homme victimes de violations et \u00e0 leur apporter une aide aussi concr\u00e8te que possible. La FIDH et l\u2019OMCT sont membres de ProtectDefenders.eu, le m\u00e9canisme de l\u2019Union europ\u00e9enne pour les d\u00e9fenseurs des droits de l\u2019Homme mis en \u0153uvre par la soci\u00e9t\u00e9 civile internationale.<\/em><\/p>\n<p style=\"text-align: justify;\"><strong>Pour plus d&rsquo;informations, merci de contacter\u00a0:<\/strong><\/p>\n<ul style=\"text-align: justify;\">\n<li><strong>FIDH\u00a0: Samuel Hanryon\u00a0: +33 6 72 28 42 94 \/ Audrey Couprie\u00a0: +33 6 48 05 91 57<\/strong><\/li>\n<\/ul>\n<p style=\"text-align: justify;\"><a href=\"#_ftnref1\" name=\"_ftn1\">[1]<\/a>\u00a0\u00a0\u00a0\u00a0\u00a0\u00a0\u00a0\u00a0\u00a0\u00a0\u00a0\u00a0\u00a0\u00a0\u00a0\u00a0\u00a0\u00a0\u00a0\u00a0 [1] Le R\u00e9seau des associations victimes d\u2019interdiction (RAVI) recense ainsi 60 refus d\u2019enregistrement entre 2014 et 2015.<\/p>\n<p style=\"text-align: justify;\"><a href=\"#_ftnref2\" name=\"_ftn2\">[2]<\/a>\u00a0\u00a0\u00a0\u00a0\u00a0\u00a0\u00a0\u00a0\u00a0\u00a0\u00a0\u00a0\u00a0\u00a0\u00a0\u00a0\u00a0\u00a0\u00a0\u00a0 [2] Des associations sahraouies, seule l\u2019Association sahraouie des victimes des violations graves des droits de l\u2019Homme commises par l\u2019\u00c9tat du Maroc (ASVDH) a \u00e9t\u00e9 autoris\u00e9e \u00e0 s\u2019enregistrer par les autorit\u00e9s marocaines en 2015, 10 ans apr\u00e8s le d\u00e9p\u00f4t de sa demande.<\/p>\n<p style=\"text-align: justify;\"><a href=\"#_ftnref3\" name=\"_ftn3\">[3]<\/a>\u00a0\u00a0\u00a0\u00a0\u00a0\u00a0\u00a0\u00a0\u00a0\u00a0\u00a0\u00a0\u00a0\u00a0\u00a0\u00a0\u00a0\u00a0\u00a0\u00a0 [3] D\u00e9but 2017, l\u2019AMDH estimait que 125 de ses r\u00e9unions, conf\u00e9rences et \u00e9v\u00e8nements avaient \u00e9t\u00e9 interdits depuis juillet 2014. L\u2019AMDH est vis\u00e9e depuis juin 2017 par une demande de retrait de la reconnaissance d\u2019utilit\u00e9 publique par le minist\u00e8re de l\u2019Int\u00e9rieur. Ce dernier lui reprochant son soutien aux mouvements sociaux du Rif, les d\u00e9nonciations de cas de tortures, et son soutien aux d\u00e9tenus sahraouis du proc\u00e8s Gdeim Izik.<\/p>\n<p style=\"text-align: justify;\"><a href=\"#_ftnref4\" name=\"_ftn4\">[4]<\/a>\u00a0\u00a0\u00a0\u00a0\u00a0\u00a0\u00a0\u00a0\u00a0\u00a0\u00a0\u00a0\u00a0\u00a0\u00a0\u00a0\u00a0\u00a0\u00a0\u00a0 [4] La non-d\u00e9livrance du r\u00e9c\u00e9piss\u00e9 d\u2019enregistrement emp\u00eache notamment les ONG d\u2019ouvrir un compte bancaire et limite ainsi leur acc\u00e8s aux financements.<\/p>\n<p style=\"text-align: justify;\"><a href=\"#_ftnref5\" name=\"_ftn5\">[5]<\/a>\u00a0\u00a0\u00a0\u00a0\u00a0\u00a0\u00a0\u00a0\u00a0\u00a0\u00a0\u00a0\u00a0\u00a0\u00a0\u00a0\u00a0\u00a0\u00a0\u00a0 [5] Dans une note dat\u00e9e du 27 mars 2017, et adress\u00e9e aux bailleurs de fonds pr\u00e9sents au Maroc (missions diplomatiques et consulaires\u00a0; Repr\u00e9sentations sp\u00e9cialis\u00e9es du syst\u00e8me des Nations unies\u00a0; organisations r\u00e9gionales et agences de d\u00e9veloppement), le minist\u00e8re des Affaires \u00e9trang\u00e8res et de la Coop\u00e9ration marocain enjoint celles-ci \u00e0 l\u2019informer syst\u00e9matiquement de toute interaction, accord ou financement \u00e0 conclure avec des organisations non-gouvernementales marocaines.<\/p>\n<p>Source :\u00a0<a href=\"https:\/\/www.fidh.org\/fr\/themes\/defenseurs-des-droits-humains\/maroc-victimes-d-attaques-croissantes-des-associations-des-droits\">https:\/\/www.fidh.org\/fr\/themes\/defenseurs-des-droits-humains\/maroc-victimes-d-attaques-croissantes-des-associations-des-droits<\/a><\/p>\n<p>&nbsp;<\/p>\n<h4 style=\"text-align: center;\"><strong>Note\u00a0<\/strong><\/h4>\n<p style=\"text-align: justify;\"><a href=\"http:\/\/amdhparis.org\/wordpress\/wp-content\/uploads\/2018\/01\/note-maroc-num.pdf\" class=\"pdfemb-viewer\" style=\"\" data-width=\"max\" data-height=\"max\" data-toolbar=\"bottom\" data-toolbar-fixed=\"off\">note-maroc-num<\/a><\/p>\n<a href=\"http:\/\/amdhparis.org\/wordpress\/wp-content\/uploads\/2018\/01\/obs_maroc_ar_web_v3.pdf\" class=\"pdfemb-viewer\" style=\"\" data-width=\"max\" data-height=\"max\" data-toolbar=\"bottom\" data-toolbar-fixed=\"off\">obs_maroc_ar_web_v3<\/a>\n","protected":false},"excerpt":{"rendered":"<p>COMMUNIQUE DE PRESSE\u00a0 Maroc\u00a0: victimes d&rsquo;attaques croissantes, des associations des droits humains progressivement musel\u00e9es (la note en version arabe et fran\u00e7aise est disponible en bas de page) Paris-Gen\u00e8ve, le 25 janvier 2018 \u2013 L\u2019Observatoire pour la protection des d\u00e9fenseurs des droits de l\u2019Homme (un partenariat FIDH-OMCT) publie aujourd\u2019hui une note d\u00e9crivant le r\u00e9tr\u00e9cissement de l\u2019espace [&hellip;]<\/p>\n","protected":false},"author":1,"featured_media":4452,"comment_status":"open","ping_status":"open","sticky":false,"template":"","format":"standard","meta":{"footnotes":""},"categories":[6,78],"tags":[],"class_list":["post-4449","post","type-post","status-publish","format-standard","has-post-thumbnail","hentry","category-communiques","category-une"],"post_mailing_queue_ids":[],"_links":{"self":[{"href":"http:\/\/amdhparis.org\/wordpress\/index.php?rest_route=\/wp\/v2\/posts\/4449","targetHints":{"allow":["GET"]}}],"collection":[{"href":"http:\/\/amdhparis.org\/wordpress\/index.php?rest_route=\/wp\/v2\/posts"}],"about":[{"href":"http:\/\/amdhparis.org\/wordpress\/index.php?rest_route=\/wp\/v2\/types\/post"}],"author":[{"embeddable":true,"href":"http:\/\/amdhparis.org\/wordpress\/index.php?rest_route=\/wp\/v2\/users\/1"}],"replies":[{"embeddable":true,"href":"http:\/\/amdhparis.org\/wordpress\/index.php?rest_route=%2Fwp%2Fv2%2Fcomments&post=4449"}],"version-history":[{"count":4,"href":"http:\/\/amdhparis.org\/wordpress\/index.php?rest_route=\/wp\/v2\/posts\/4449\/revisions"}],"predecessor-version":[{"id":4456,"href":"http:\/\/amdhparis.org\/wordpress\/index.php?rest_route=\/wp\/v2\/posts\/4449\/revisions\/4456"}],"wp:featuredmedia":[{"embeddable":true,"href":"http:\/\/amdhparis.org\/wordpress\/index.php?rest_route=\/wp\/v2\/media\/4452"}],"wp:attachment":[{"href":"http:\/\/amdhparis.org\/wordpress\/index.php?rest_route=%2Fwp%2Fv2%2Fmedia&parent=4449"}],"wp:term":[{"taxonomy":"category","embeddable":true,"href":"http:\/\/amdhparis.org\/wordpress\/index.php?rest_route=%2Fwp%2Fv2%2Fcategories&post=4449"},{"taxonomy":"post_tag","embeddable":true,"href":"http:\/\/amdhparis.org\/wordpress\/index.php?rest_route=%2Fwp%2Fv2%2Ftags&post=4449"}],"curies":[{"name":"wp","href":"https:\/\/api.w.org\/{rel}","templated":true}]}}