{"id":4560,"date":"2018-06-20T17:32:55","date_gmt":"2018-06-20T17:32:55","guid":{"rendered":"http:\/\/amdhparis.org\/wordpress\/?p=4560"},"modified":"2018-06-20T17:33:58","modified_gmt":"2018-06-20T17:33:58","slug":"liberation-immediate-de-tous-les-et-toutes-les-prisonnieres-politiques-au-maroc","status":"publish","type":"post","link":"http:\/\/amdhparis.org\/wordpress\/?p=4560","title":{"rendered":"Lib\u00e9ration imm\u00e9diate de tous les et toutes\u00a0 les prisonni\u00e8res politiques au Maroc !"},"content":{"rendered":"<p style=\"text-align: center;\"><strong>Lib\u00e9ration imm\u00e9diate de tous les et toutes\u00a0 les prisonni\u00e8res politiques au Maroc !<\/strong><\/p>\n<p style=\"text-align: center;\"><strong>Abandon de toutes\u00a0 les poursuites judiciaires !<\/strong><\/p>\n<p>Au Maroc, les mouvements sociaux connaissent une r\u00e9pression et une criminalisation sans pr\u00e9c\u00e9dent. Face aux revendications \u00e9conomiques et sociales des populations, l\u2019Etat r\u00e9pond comme \u00e0 son habitude par la r\u00e9pression et la violence. L\u2019interdiction des manifestations, leurs dispersions violentes et les arrestations massives des manifestants et manifestantes constituent des atteintes graves aux droits fondamentaux, dont celui de manifester.<\/p>\n<p>Plus de 350 personnes seraient encore incarc\u00e9r\u00e9es dans les prisons marocaines pour leur participation aux mouvements de contestations sociales au Rif,\u00a0 \u00e0 Jerada et ailleurs, dans des conditions carc\u00e9rales d\u00e9plorables et indignes. L\u2019\u00c9tat marocain a ratifi\u00e9 la Convention contre la torture des Nations Unies et de ce fait, est tenu de respecter les droits des prisonniers et prisonni\u00e8res et de veiller \u00e0 leur sant\u00e9, \u00e0 leurs int\u00e9grit\u00e9s physique et psychologique.<\/p>\n<p>C\u2019est dans ce cadre que l\u2019Association Marocaine des Droits Humains Paris\/IDF (AMDH-Paris\/IDF) appelle \u00e0 participer \u00e0 la marche organis\u00e9e par la F\u00e9d\u00e9ration des Comit\u00e9s de Soutien au Mouvement Rifain France, <strong>le samedi 23 juin \u00e0 15h de la place de La Bastille \u00e0 la place de la R\u00e9publique<\/strong> pour exiger la lib\u00e9ration des prisonniers et des prisonni\u00e8res politiques au Maroc.<\/p>\n<p><strong>\u2d30 \u2d4f\u2d4e\u2d59\u2d30\u2d33\u2d30\u2d54 \u2d4f\u2d40\u2d30\u2d55 \u2d4f \u2d59\u2d59\u2d31\u2d5c 23 \u2d62\u2d53\u2d4f\u2d62\u2d53 \u2d56\u2d30\u2d54 \u2d5c\u2d59\u2d30\u2d44\u2d5c \u2d4f 3 \u2d4f \u2d53\u2d44\u2d5b\u2d5b\u2d49 \u2d33\u2d49 \u2d53\u2d4e\u2d3d\u2d30\u2d4f \u2d4f \u2d4d\u2d31\u2d30\u2d59\u2d5c\u2d49\u2d62. \u2d30 \u2d5c\u2d49\u2d54\u2d49 \u2d49\u2d4a\u2d4a \u2d4f \u2d5c\u2d49\u2d3d\u2d54\u2d49 \u2d56\u2d30\u2d54 \u2d53\u2d4e\u2d3d\u2d30\u2d4f \u2d4f \u2d54\u2d49\u2d31\u2d49\u2d31\u2d4d\u2d49\u2d3d.<br \/>\n\u2d5c\u2d49\u2d54\u2d3b\u2d4d\u2d4d\u2d49 \u2d49 \u2d4e\u2d30\u2d55\u2d55\u2d30 \u2d49\u2d4f\u2d3d\u2d54\u2d30\u2d3c \u2d37 \u2d5c\u2d4f\u2d3d\u2d54\u2d30\u2d3c.<\/strong><\/p>\n<p style=\"text-align: center;\"><strong>\u00a0<\/strong><strong>Rendez-vous le 23 Juin<\/strong><strong>\u00a0\u00e0 15h \u00e0 la place de la bastille<\/strong><\/p>\n<p><a href=\"http:\/\/amdhparis.org\/wordpress\/?attachment_id=4561\" rel=\"attachment wp-att-4561\"><img loading=\"lazy\" decoding=\"async\" class=\"wp-image-4561 aligncenter\" src=\"http:\/\/amdhparis.org\/wordpress\/wp-content\/uploads\/2018\/06\/Marche_23.jpg\" alt=\"\" width=\"612\" height=\"865\" srcset=\"http:\/\/amdhparis.org\/wordpress\/wp-content\/uploads\/2018\/06\/Marche_23.jpg 1588w, http:\/\/amdhparis.org\/wordpress\/wp-content\/uploads\/2018\/06\/Marche_23-212x300.jpg 212w, http:\/\/amdhparis.org\/wordpress\/wp-content\/uploads\/2018\/06\/Marche_23-768x1086.jpg 768w, http:\/\/amdhparis.org\/wordpress\/wp-content\/uploads\/2018\/06\/Marche_23-724x1024.jpg 724w\" sizes=\"auto, (max-width: 612px) 100vw, 612px\" \/><\/a><\/p>\n","protected":false},"excerpt":{"rendered":"<p>Lib\u00e9ration imm\u00e9diate de tous les et toutes\u00a0 les prisonni\u00e8res politiques au Maroc ! Abandon de toutes\u00a0 les poursuites judiciaires ! Au Maroc, les mouvements sociaux connaissent une r\u00e9pression et une criminalisation sans pr\u00e9c\u00e9dent. Face aux revendications \u00e9conomiques et sociales des populations, l\u2019Etat r\u00e9pond comme \u00e0 son habitude par la r\u00e9pression et la violence. L\u2019interdiction des [&hellip;]<\/p>\n","protected":false},"author":1,"featured_media":4561,"comment_status":"open","ping_status":"open","sticky":false,"template":"","format":"standard","meta":{"footnotes":""},"categories":[3,78],"tags":[],"class_list":["post-4560","post","type-post","status-publish","format-standard","has-post-thumbnail","hentry","category-evenements","category-une"],"post_mailing_queue_ids":[],"_links":{"self":[{"href":"http:\/\/amdhparis.org\/wordpress\/index.php?rest_route=\/wp\/v2\/posts\/4560","targetHints":{"allow":["GET"]}}],"collection":[{"href":"http:\/\/amdhparis.org\/wordpress\/index.php?rest_route=\/wp\/v2\/posts"}],"about":[{"href":"http:\/\/amdhparis.org\/wordpress\/index.php?rest_route=\/wp\/v2\/types\/post"}],"author":[{"embeddable":true,"href":"http:\/\/amdhparis.org\/wordpress\/index.php?rest_route=\/wp\/v2\/users\/1"}],"replies":[{"embeddable":true,"href":"http:\/\/amdhparis.org\/wordpress\/index.php?rest_route=%2Fwp%2Fv2%2Fcomments&post=4560"}],"version-history":[{"count":2,"href":"http:\/\/amdhparis.org\/wordpress\/index.php?rest_route=\/wp\/v2\/posts\/4560\/revisions"}],"predecessor-version":[{"id":4563,"href":"http:\/\/amdhparis.org\/wordpress\/index.php?rest_route=\/wp\/v2\/posts\/4560\/revisions\/4563"}],"wp:featuredmedia":[{"embeddable":true,"href":"http:\/\/amdhparis.org\/wordpress\/index.php?rest_route=\/wp\/v2\/media\/4561"}],"wp:attachment":[{"href":"http:\/\/amdhparis.org\/wordpress\/index.php?rest_route=%2Fwp%2Fv2%2Fmedia&parent=4560"}],"wp:term":[{"taxonomy":"category","embeddable":true,"href":"http:\/\/amdhparis.org\/wordpress\/index.php?rest_route=%2Fwp%2Fv2%2Fcategories&post=4560"},{"taxonomy":"post_tag","embeddable":true,"href":"http:\/\/amdhparis.org\/wordpress\/index.php?rest_route=%2Fwp%2Fv2%2Ftags&post=4560"}],"curies":[{"name":"wp","href":"https:\/\/api.w.org\/{rel}","templated":true}]}}