{"id":4603,"date":"2018-11-29T22:05:25","date_gmt":"2018-11-29T22:05:25","guid":{"rendered":"http:\/\/amdhparis.org\/wordpress\/?p=4603"},"modified":"2018-11-29T22:05:25","modified_gmt":"2018-11-29T22:05:25","slug":"conference-debat-imider-le-droit-dacces-a-la-terre-et-aux-ressources-naturelles-face-au-pillage-et-la-repression-de-letat-marocain","status":"publish","type":"post","link":"http:\/\/amdhparis.org\/wordpress\/?p=4603","title":{"rendered":"Conf\u00e9rence-D\u00e9bat : IMIDER, le droit d&rsquo;acc\u00e8s \u00e0 la terre et aux ressources naturelles face au pillage et la r\u00e9pression de l&rsquo;\u00e9tat marocain."},"content":{"rendered":"<h2>Conf\u00e9rence-D\u00e9bat : IMIDER, le droit d&rsquo;acc\u00e8s \u00e0 la terre et aux ressources naturelles face au pillage et la r\u00e9pression de l&rsquo;\u00e9tat marocain.<\/h2>\n<p>A l&rsquo;heure o\u00f9 se multiplient les privations aux droits fondamentaux, aussi bien au Maroc qu&rsquo;ailleurs, et o\u00f9 la r\u00e9pression s&rsquo;acharne sur leurs d\u00e9fenseurs.ses il y a aussi le droit \u00e0 la terre qui se manifeste dans tous les continents, les politiques n\u00e9olib\u00e9rales n&rsquo;h\u00e9site pas \u00e0 d\u00e9truire les richesses naturelles, marginaliser les habitant.e.s des r\u00e9gions qui manifestent et camoufler toutes leurs actions par de la publicit\u00e9 bien mensong\u00e8re.<\/p>\n<p>C&rsquo;est dans ce cadre que L&rsquo;AMDH Paris-IDF a le plaisir de vous convier \u00e0 une conf\u00e9rence-d\u00e9bat autour du \u00ab\u00a0Imider : Le droit d&rsquo;acc\u00e8s \u00e0 la terre et aux ressources naturelles face au pillage et \u00e0 la r\u00e9pression de l&rsquo;\u00e9tat Marocain\u00a0\u00bb, qui se tiendra le vendredi 7 d\u00e9cembre 2018 \u00e0 19h au centre social Le Picoulet, en pr\u00e9sence de :<\/p>\n<ul>\n<li class=\"moz-quote-pre\">Omar Moujane : Activiste du Mouvement Imider. Il nous viendra du Maroc pour intervenir sur les luttes de la population et l\u2019actualit\u00e9 de leur combat qui se tient depuis 2011; +<\/li>\n<li class=\"moz-quote-pre\">Monique Murga, militante de l\u2019association France Am\u00e9rique Latine qui nous parlera des formes de r\u00e9sistances men\u00e9e par les populations locales contre les m\u00e9gas-projets de d\u00e9veloppent surtout en Amazonie;<\/li>\n<li class=\"moz-quote-pre\">Mamie Rakotondrainibe, militante de l\u2019association AGTER qui traitera la question de l&rsquo;accaparement des terres au Madagascar.<\/li>\n<\/ul>\n<p>Adresse : 59 rue de la Fontaine au roi, 75011, Paris M\u00e9tro : Goncourt (11), Belleville ou Couronnes (2).<\/p>\n<p>Au plaisir de vous y voir en grand nombre!<\/p>\n<p>Bureau de l&rsquo;AMDH Paris- IDF<\/p>\n<p><a href=\"http:\/\/amdhparis.org\/wordpress\/?attachment_id=4604\" rel=\"attachment wp-att-4604\"><img loading=\"lazy\" decoding=\"async\" class=\"wp-image-4604 aligncenter\" src=\"http:\/\/amdhparis.org\/wordpress\/wp-content\/uploads\/2018\/11\/Imider_Conf\u00e9rence-vert.png\" alt=\"\" width=\"856\" height=\"1211\" srcset=\"http:\/\/amdhparis.org\/wordpress\/wp-content\/uploads\/2018\/11\/Imider_Conf\u00e9rence-vert.png 1587w, http:\/\/amdhparis.org\/wordpress\/wp-content\/uploads\/2018\/11\/Imider_Conf\u00e9rence-vert-212x300.png 212w, http:\/\/amdhparis.org\/wordpress\/wp-content\/uploads\/2018\/11\/Imider_Conf\u00e9rence-vert-768x1086.png 768w, http:\/\/amdhparis.org\/wordpress\/wp-content\/uploads\/2018\/11\/Imider_Conf\u00e9rence-vert-724x1024.png 724w\" sizes=\"auto, (max-width: 856px) 100vw, 856px\" \/><\/a><\/p>\n","protected":false},"excerpt":{"rendered":"<p>Conf\u00e9rence-D\u00e9bat : IMIDER, le droit d&rsquo;acc\u00e8s \u00e0 la terre et aux ressources naturelles face au pillage et la r\u00e9pression de l&rsquo;\u00e9tat marocain. A l&rsquo;heure o\u00f9 se multiplient les privations aux droits fondamentaux, aussi bien au Maroc qu&rsquo;ailleurs, et o\u00f9 la r\u00e9pression s&rsquo;acharne sur leurs d\u00e9fenseurs.ses il y a aussi le droit \u00e0 la terre qui [&hellip;]<\/p>\n","protected":false},"author":1,"featured_media":4604,"comment_status":"open","ping_status":"open","sticky":false,"template":"","format":"standard","meta":{"footnotes":""},"categories":[3,78],"tags":[],"class_list":["post-4603","post","type-post","status-publish","format-standard","has-post-thumbnail","hentry","category-evenements","category-une"],"post_mailing_queue_ids":[],"_links":{"self":[{"href":"http:\/\/amdhparis.org\/wordpress\/index.php?rest_route=\/wp\/v2\/posts\/4603","targetHints":{"allow":["GET"]}}],"collection":[{"href":"http:\/\/amdhparis.org\/wordpress\/index.php?rest_route=\/wp\/v2\/posts"}],"about":[{"href":"http:\/\/amdhparis.org\/wordpress\/index.php?rest_route=\/wp\/v2\/types\/post"}],"author":[{"embeddable":true,"href":"http:\/\/amdhparis.org\/wordpress\/index.php?rest_route=\/wp\/v2\/users\/1"}],"replies":[{"embeddable":true,"href":"http:\/\/amdhparis.org\/wordpress\/index.php?rest_route=%2Fwp%2Fv2%2Fcomments&post=4603"}],"version-history":[{"count":1,"href":"http:\/\/amdhparis.org\/wordpress\/index.php?rest_route=\/wp\/v2\/posts\/4603\/revisions"}],"predecessor-version":[{"id":4605,"href":"http:\/\/amdhparis.org\/wordpress\/index.php?rest_route=\/wp\/v2\/posts\/4603\/revisions\/4605"}],"wp:featuredmedia":[{"embeddable":true,"href":"http:\/\/amdhparis.org\/wordpress\/index.php?rest_route=\/wp\/v2\/media\/4604"}],"wp:attachment":[{"href":"http:\/\/amdhparis.org\/wordpress\/index.php?rest_route=%2Fwp%2Fv2%2Fmedia&parent=4603"}],"wp:term":[{"taxonomy":"category","embeddable":true,"href":"http:\/\/amdhparis.org\/wordpress\/index.php?rest_route=%2Fwp%2Fv2%2Fcategories&post=4603"},{"taxonomy":"post_tag","embeddable":true,"href":"http:\/\/amdhparis.org\/wordpress\/index.php?rest_route=%2Fwp%2Fv2%2Ftags&post=4603"}],"curies":[{"name":"wp","href":"https:\/\/api.w.org\/{rel}","templated":true}]}}