{"id":4607,"date":"2019-02-11T19:36:14","date_gmt":"2019-02-11T19:36:14","guid":{"rendered":"http:\/\/amdhparis.org\/wordpress\/?p=4607"},"modified":"2019-02-12T09:28:08","modified_gmt":"2019-02-12T09:28:08","slug":"communique-de-lamdh-paris-idf-suite-de-son-assemblee-generale-elective","status":"publish","type":"post","link":"http:\/\/amdhparis.org\/wordpress\/?p=4607","title":{"rendered":"Communiqu\u00e9 de L&rsquo;AMDH-Paris\/IDF suite \u00e0 son assembl\u00e9e g\u00e9n\u00e9rale \u00e9lective"},"content":{"rendered":"<blockquote>\n<h3 style=\"text-align: justify;\"><strong>Communiqu\u00e9 de L&rsquo;AMDH-Paris\/IDF suite \u00e0 son assembl\u00e9e g\u00e9n\u00e9rale \u00e9lective<\/strong><\/h3>\n<\/blockquote>\n<p style=\"text-align: justify;\"><a href=\"http:\/\/amdhparis.org\/wordpress\/?attachment_id=4608\" rel=\"attachment wp-att-4608\"><img loading=\"lazy\" decoding=\"async\" class=\"wp-image-4608 aligncenter\" src=\"http:\/\/amdhparis.org\/wordpress\/wp-content\/uploads\/2019\/02\/P1000582.jpg\" alt=\"\" width=\"614\" height=\"460\" srcset=\"http:\/\/amdhparis.org\/wordpress\/wp-content\/uploads\/2019\/02\/P1000582.jpg 4608w, http:\/\/amdhparis.org\/wordpress\/wp-content\/uploads\/2019\/02\/P1000582-300x225.jpg 300w, http:\/\/amdhparis.org\/wordpress\/wp-content\/uploads\/2019\/02\/P1000582-768x576.jpg 768w, http:\/\/amdhparis.org\/wordpress\/wp-content\/uploads\/2019\/02\/P1000582-1024x768.jpg 1024w, http:\/\/amdhparis.org\/wordpress\/wp-content\/uploads\/2019\/02\/P1000582-360x270.jpg 360w\" sizes=\"auto, (max-width: 614px) 100vw, 614px\" \/><\/a><\/p>\n<p style=\"text-align: justify;\"><strong>\u00a0<\/strong>L&rsquo;Association Marocaine des Droits Humains Paris\/IDF a tenu son assembl\u00e9e g\u00e9n\u00e9rale organisationnelle pour renouveler ses instances le samedi 09 f\u00e9vrier 2019.<\/p>\n<p style=\"text-align: justify;\">Cette occasion a permis \u00e0 ses membres pr\u00e9sent.e.s d\u2019\u00e9valuer le travail accompli lors du dernier mandat. L\u2019assembl\u00e9 g\u00e9n\u00e9rale a \u00e9galement \u00e9mis plusieurs recommandations visant \u00e0 d\u00e9velopper d\u2019avantage le travail de notre section. Les rapports financier et moral ont \u00e9t\u00e9 pr\u00e9sent\u00e9s, discut\u00e9s et finalement adopt\u00e9s.<\/p>\n<p style=\"text-align: justify;\">Enfin, un nouveau bureau compos\u00e9 de 5 femmes et 3 hommes a \u00e9t\u00e9 \u00e9lu. Aussi, 7 des 8 membres du bureau sont jeunes (moins de 35 ans). La composition du nouveau bureau est la suivante\u00a0:<\/p>\n<ul style=\"text-align: justify;\">\n<li>Pr\u00e9sidente : Soumaya Regragui<\/li>\n<li>Vice-pr\u00e9sident : Ouissame Ghmimat<\/li>\n<li>Deuxi\u00e8me vice-pr\u00e9sidente\u00a0: Imane Lihi<\/li>\n<li>Secr\u00e9taire g\u00e9n\u00e9ral : Badr Zeroual<\/li>\n<li>Vice-secr\u00e9taire g\u00e9n\u00e9ral : Firdaous Ouakil<\/li>\n<li>Tr\u00e9sori\u00e8re : Wiame El Assmaoui<\/li>\n<li>Vice-tr\u00e9sori\u00e8re : Salma Azarkan<\/li>\n<li>Charg\u00e9 de communication : Amine El Ouassouli<\/li>\n<\/ul>\n<p style=\"text-align: justify;\">Le Bureau de l\u2019AMDH-Paris\/Ile de France<br \/>\nParis, le 09 f\u00e9vrier 2019.<\/p>\n","protected":false},"excerpt":{"rendered":"<p>Communiqu\u00e9 de L&rsquo;AMDH-Paris\/IDF suite \u00e0 son assembl\u00e9e g\u00e9n\u00e9rale \u00e9lective \u00a0L&rsquo;Association Marocaine des Droits Humains Paris\/IDF a tenu son assembl\u00e9e g\u00e9n\u00e9rale organisationnelle pour renouveler ses instances le samedi 09 f\u00e9vrier 2019. Cette occasion a permis \u00e0 ses membres pr\u00e9sent.e.s d\u2019\u00e9valuer le travail accompli lors du dernier mandat. L\u2019assembl\u00e9 g\u00e9n\u00e9rale a \u00e9galement \u00e9mis plusieurs recommandations visant \u00e0 [&hellip;]<\/p>\n","protected":false},"author":1,"featured_media":3913,"comment_status":"open","ping_status":"open","sticky":false,"template":"","format":"standard","meta":{"footnotes":""},"categories":[6,78],"tags":[],"class_list":["post-4607","post","type-post","status-publish","format-standard","has-post-thumbnail","hentry","category-communiques","category-une"],"post_mailing_queue_ids":[],"_links":{"self":[{"href":"http:\/\/amdhparis.org\/wordpress\/index.php?rest_route=\/wp\/v2\/posts\/4607","targetHints":{"allow":["GET"]}}],"collection":[{"href":"http:\/\/amdhparis.org\/wordpress\/index.php?rest_route=\/wp\/v2\/posts"}],"about":[{"href":"http:\/\/amdhparis.org\/wordpress\/index.php?rest_route=\/wp\/v2\/types\/post"}],"author":[{"embeddable":true,"href":"http:\/\/amdhparis.org\/wordpress\/index.php?rest_route=\/wp\/v2\/users\/1"}],"replies":[{"embeddable":true,"href":"http:\/\/amdhparis.org\/wordpress\/index.php?rest_route=%2Fwp%2Fv2%2Fcomments&post=4607"}],"version-history":[{"count":4,"href":"http:\/\/amdhparis.org\/wordpress\/index.php?rest_route=\/wp\/v2\/posts\/4607\/revisions"}],"predecessor-version":[{"id":4613,"href":"http:\/\/amdhparis.org\/wordpress\/index.php?rest_route=\/wp\/v2\/posts\/4607\/revisions\/4613"}],"wp:featuredmedia":[{"embeddable":true,"href":"http:\/\/amdhparis.org\/wordpress\/index.php?rest_route=\/wp\/v2\/media\/3913"}],"wp:attachment":[{"href":"http:\/\/amdhparis.org\/wordpress\/index.php?rest_route=%2Fwp%2Fv2%2Fmedia&parent=4607"}],"wp:term":[{"taxonomy":"category","embeddable":true,"href":"http:\/\/amdhparis.org\/wordpress\/index.php?rest_route=%2Fwp%2Fv2%2Fcategories&post=4607"},{"taxonomy":"post_tag","embeddable":true,"href":"http:\/\/amdhparis.org\/wordpress\/index.php?rest_route=%2Fwp%2Fv2%2Ftags&post=4607"}],"curies":[{"name":"wp","href":"https:\/\/api.w.org\/{rel}","templated":true}]}}