{"id":4615,"date":"2019-02-18T20:01:41","date_gmt":"2019-02-18T20:01:41","guid":{"rendered":"http:\/\/amdhparis.org\/wordpress\/?p=4615"},"modified":"2019-02-18T20:04:43","modified_gmt":"2019-02-18T20:04:43","slug":"communique-commun-des-section-de-lamdh-en-europe-le-harcelement-des-defenseur-e-s-des-droits-et-des-libertes-au-maroc-sexporte-a-paris","status":"publish","type":"post","link":"http:\/\/amdhparis.org\/wordpress\/?p=4615","title":{"rendered":"Communiqu\u00e9 commun des section de l&rsquo;AMDH en Europe : LE HARC\u00c8LEMENT DES D\u00c9FENSEUR.E.S DES DROITS ET DES LIBERT\u00c9S AU MAROC S\u2019EXPORTE \u00c0 PARIS !"},"content":{"rendered":"\n<ul class=\"wp-block-gallery columns-0 is-cropped wp-block-gallery-1 is-layout-flex wp-block-gallery-is-layout-flex\"><\/ul>\n\n\n<a href=\"http:\/\/amdhparis.org\/wordpress\/wp-content\/uploads\/2019\/02\/Communiqu\u00e9-des-sections-de-lAMDH-en-Europe-Le-harc\u00e8lement-des-d\u00e9fenseur.e.s-des-droits-et-des-libert\u00e9s-au-Maroc-su2019exporte-\u00e0-Paris.pdf\" class=\"pdfemb-viewer\" style=\"\" data-width=\"max\" data-height=\"max\" data-toolbar=\"bottom\" data-toolbar-fixed=\"off\">Communiqu\u00e9-des-sections-de-lAMDH-en-Europe-Le-harc\u00e8lement-des-d\u00e9fenseur.e.s-des-droits-et-des-libert\u00e9s-au-Maroc-su2019exporte-\u00e0-Paris<\/a>\n<p class=\"wp-block-pdfemb-pdf-embedder-viewer\"><\/p>\n","protected":false},"excerpt":{"rendered":"","protected":false},"author":1,"featured_media":3913,"comment_status":"open","ping_status":"open","sticky":false,"template":"","format":"standard","meta":{"footnotes":""},"categories":[6,78],"tags":[],"class_list":["post-4615","post","type-post","status-publish","format-standard","has-post-thumbnail","hentry","category-communiques","category-une"],"post_mailing_queue_ids":[],"_links":{"self":[{"href":"http:\/\/amdhparis.org\/wordpress\/index.php?rest_route=\/wp\/v2\/posts\/4615","targetHints":{"allow":["GET"]}}],"collection":[{"href":"http:\/\/amdhparis.org\/wordpress\/index.php?rest_route=\/wp\/v2\/posts"}],"about":[{"href":"http:\/\/amdhparis.org\/wordpress\/index.php?rest_route=\/wp\/v2\/types\/post"}],"author":[{"embeddable":true,"href":"http:\/\/amdhparis.org\/wordpress\/index.php?rest_route=\/wp\/v2\/users\/1"}],"replies":[{"embeddable":true,"href":"http:\/\/amdhparis.org\/wordpress\/index.php?rest_route=%2Fwp%2Fv2%2Fcomments&post=4615"}],"version-history":[{"count":3,"href":"http:\/\/amdhparis.org\/wordpress\/index.php?rest_route=\/wp\/v2\/posts\/4615\/revisions"}],"predecessor-version":[{"id":4620,"href":"http:\/\/amdhparis.org\/wordpress\/index.php?rest_route=\/wp\/v2\/posts\/4615\/revisions\/4620"}],"wp:featuredmedia":[{"embeddable":true,"href":"http:\/\/amdhparis.org\/wordpress\/index.php?rest_route=\/wp\/v2\/media\/3913"}],"wp:attachment":[{"href":"http:\/\/amdhparis.org\/wordpress\/index.php?rest_route=%2Fwp%2Fv2%2Fmedia&parent=4615"}],"wp:term":[{"taxonomy":"category","embeddable":true,"href":"http:\/\/amdhparis.org\/wordpress\/index.php?rest_route=%2Fwp%2Fv2%2Fcategories&post=4615"},{"taxonomy":"post_tag","embeddable":true,"href":"http:\/\/amdhparis.org\/wordpress\/index.php?rest_route=%2Fwp%2Fv2%2Ftags&post=4615"}],"curies":[{"name":"wp","href":"https:\/\/api.w.org\/{rel}","templated":true}]}}