{"id":4623,"date":"2019-02-22T18:03:01","date_gmt":"2019-02-22T18:03:01","guid":{"rendered":"http:\/\/amdhparis.org\/wordpress\/?p=4623"},"modified":"2019-02-22T18:04:41","modified_gmt":"2019-02-22T18:04:41","slug":"appel-a-rassemblement-devant-lambassade-du-maroc-a-paris%ef%bb%bf-pour-les-libertes-democratiques-au-maroc%ef%bb%bf","status":"publish","type":"post","link":"http:\/\/amdhparis.org\/wordpress\/?p=4623","title":{"rendered":"Appel \u00e0 rassemblement devant l\u2019Ambassade du Maroc \u00e0 Paris\ufeff &#8211; Pour les libert\u00e9s d\u00e9mocratiques au Maroc\ufeff"},"content":{"rendered":"\n<h2 class=\"wp-block-heading\">Appel \u00e0 rassemblement devant l\u2019Ambassade du Maroc \u00e0 Paris\ufeff &#8211; Pour les libert\u00e9s d\u00e9mocratiques au Maroc\ufeff<br><\/h2>\n\n\n\n<figure class=\"wp-block-image\"><img loading=\"lazy\" decoding=\"async\" width=\"960\" height=\"540\" src=\"http:\/\/amdhparis.org\/wordpress\/wp-content\/uploads\/2019\/02\/IMG_20190222_181228.jpg\" alt=\"\" class=\"wp-image-4624\" srcset=\"http:\/\/amdhparis.org\/wordpress\/wp-content\/uploads\/2019\/02\/IMG_20190222_181228.jpg 960w, http:\/\/amdhparis.org\/wordpress\/wp-content\/uploads\/2019\/02\/IMG_20190222_181228-300x169.jpg 300w, http:\/\/amdhparis.org\/wordpress\/wp-content\/uploads\/2019\/02\/IMG_20190222_181228-768x432.jpg 768w\" sizes=\"auto, (max-width: 960px) 100vw, 960px\" \/><\/figure>\n\n\n\n<p>Nous, organisations\nd\u00e9mocratiques marocaines en Europe, sommes scandalis\u00e9es par le sabotage de la\nconf\u00e9rence qu\u2019organisait l\u2019Association de D\u00e9fense des Droits de l\u2019Homme au\nMaroc (ASDHOM) \u00e0 Paris, le vendredi 15 f\u00e9vrier, sur la libert\u00e9 de la presse au\nMaroc.<\/p>\n\n\n\n<p>Nous consid\u00e9rons que\ncet acte, pr\u00e9m\u00e9dit\u00e9 et accompli par une quinzaine de nervis t\u00e9l\u00e9guid\u00e9s, est\ndestin\u00e9 \u00e0 b\u00e2illonner les voix qui \u0153uvrent pour un \u00c9tat d\u00e9mocratique au Maroc.<\/p>\n\n\n\n<p>Nous d\u00e9clarons haut\net fort notre d\u00e9termination \u00e0 aller de l\u2019avant. Nous ne c\u00e9derons jamais \u00e0 la\nviolence et \u00e0 l\u2019intimidation des ennemis de la d\u00e9mocratie et des libert\u00e9s.<\/p>\n\n\n\n<p>Pour exprimer notre\nindignation et d\u00e9noncer cet acte qui nous rappelle les ann\u00e9es de plomb, nous\nappelons \u00e0 un rassemblement de protestation devant l\u2019Ambassade du Maroc \u00e0\nParis.<\/p>\n\n\n\n<p>Nous invitons tou(te)s\nles d\u00e9mocrates \u00e9pri(se)s de libert\u00e9 \u00e0 se joindre \u00e0 nous pour qu\u2019ensemble nous\nfaisons barrage \u00e0 ces m\u00e9thodes barbouzardes et fascisantes d\u2019un autre temps.<\/p>\n\n\n\n<p><strong>Rendez-vous le jeudi 28 f\u00e9vrier\n2019 \u00e0 18h30, devant l\u2019Ambassade du Maroc <\/strong><\/p>\n\n\n\n<p><strong>5, rue le Tasse<\/strong><\/p>\n\n\n\n<p><strong>75016 Paris<\/strong><\/p>\n\n\n\n<p><strong>M\u00e9tro&nbsp;: Trocad\u00e9ro (ligne 9)<\/strong><\/p>\n\n\n\n<p><strong>Signataires&nbsp;<\/strong>:<\/p>\n\n\n\n<p>ASDHOM,\nAMF, ATMF, AMDH-Paris\/IDF, TAMAYNUT, FMVJ-France, APADM, PSU-France, Voie\nD\u00e9mocratique (Europe), PADS,\u2026\u2026.<\/p>\n\n\n\n<p><strong>Soutiens<\/strong>&nbsp;:<\/p>\n\n\n\n<p>CRLDHT,\nMRAP, ATF, PTT, FPT, AFAPREDESA, FTCR, UTAC, ACDA, IST, ENSEMBLE&nbsp;!, FEMED,\nFEMMES PLURIELLES, CEDETIM\/IPAM, FASTI, ACORT,&nbsp;\n&nbsp;&nbsp;&nbsp;&nbsp;<\/p>\n","protected":false},"excerpt":{"rendered":"<p>Appel \u00e0 rassemblement devant l\u2019Ambassade du Maroc \u00e0 Paris\ufeff &#8211; Pour les libert\u00e9s d\u00e9mocratiques au Maroc\ufeff Nous, organisations d\u00e9mocratiques marocaines en Europe, sommes scandalis\u00e9es par le sabotage de la conf\u00e9rence qu\u2019organisait l\u2019Association de D\u00e9fense des Droits de l\u2019Homme au Maroc (ASDHOM) \u00e0 Paris, le vendredi 15 f\u00e9vrier, sur la libert\u00e9 de la presse au Maroc. [&hellip;]<\/p>\n","protected":false},"author":1,"featured_media":4624,"comment_status":"open","ping_status":"open","sticky":false,"template":"","format":"standard","meta":{"footnotes":""},"categories":[3,78],"tags":[],"class_list":["post-4623","post","type-post","status-publish","format-standard","has-post-thumbnail","hentry","category-evenements","category-une"],"post_mailing_queue_ids":[],"_links":{"self":[{"href":"http:\/\/amdhparis.org\/wordpress\/index.php?rest_route=\/wp\/v2\/posts\/4623","targetHints":{"allow":["GET"]}}],"collection":[{"href":"http:\/\/amdhparis.org\/wordpress\/index.php?rest_route=\/wp\/v2\/posts"}],"about":[{"href":"http:\/\/amdhparis.org\/wordpress\/index.php?rest_route=\/wp\/v2\/types\/post"}],"author":[{"embeddable":true,"href":"http:\/\/amdhparis.org\/wordpress\/index.php?rest_route=\/wp\/v2\/users\/1"}],"replies":[{"embeddable":true,"href":"http:\/\/amdhparis.org\/wordpress\/index.php?rest_route=%2Fwp%2Fv2%2Fcomments&post=4623"}],"version-history":[{"count":4,"href":"http:\/\/amdhparis.org\/wordpress\/index.php?rest_route=\/wp\/v2\/posts\/4623\/revisions"}],"predecessor-version":[{"id":4626,"href":"http:\/\/amdhparis.org\/wordpress\/index.php?rest_route=\/wp\/v2\/posts\/4623\/revisions\/4626"}],"wp:featuredmedia":[{"embeddable":true,"href":"http:\/\/amdhparis.org\/wordpress\/index.php?rest_route=\/wp\/v2\/media\/4624"}],"wp:attachment":[{"href":"http:\/\/amdhparis.org\/wordpress\/index.php?rest_route=%2Fwp%2Fv2%2Fmedia&parent=4623"}],"wp:term":[{"taxonomy":"category","embeddable":true,"href":"http:\/\/amdhparis.org\/wordpress\/index.php?rest_route=%2Fwp%2Fv2%2Fcategories&post=4623"},{"taxonomy":"post_tag","embeddable":true,"href":"http:\/\/amdhparis.org\/wordpress\/index.php?rest_route=%2Fwp%2Fv2%2Ftags&post=4623"}],"curies":[{"name":"wp","href":"https:\/\/api.w.org\/{rel}","templated":true}]}}