{"id":4643,"date":"2019-03-21T13:35:13","date_gmt":"2019-03-21T13:35:13","guid":{"rendered":"http:\/\/amdhparis.org\/wordpress\/?p=4643"},"modified":"2019-03-21T13:35:13","modified_gmt":"2019-03-21T13:35:13","slug":"communique-lamdh-paris-idf-denonce-lattentat-terroriste-a-christchurch","status":"publish","type":"post","link":"http:\/\/amdhparis.org\/wordpress\/?p=4643","title":{"rendered":"Communiqu\u00e9 : L&rsquo;AMDH-PARIS\/IDF d\u00e9nonce l&rsquo;attentat terroriste \u00e0 Christchurch"},"content":{"rendered":"\n<p>La ville n\u00e9o-z\u00e9landaise Christchurch a connu un \u00e9v\u00e9nement tragique ce vendredi 15 mars. Une attaque terroriste et meurtri\u00e8re visant deux mosqu\u00e9es et organis\u00e9e par l\u2019extr\u00eame droite  a tu\u00e9 50 personnes. La plus grande tuerie collective de l\u2019histoire contemporaine du pays. Cet \u00e9v\u00e9nement, qui ne peut \u00eatre que condamnable, a mis la lumi\u00e8re sur la gravit\u00e9 de la mont\u00e9e en puissance des pens\u00e9es racistes et x\u00e9nophobes v\u00e9hicul\u00e9es par l\u2019extr\u00eame droite et montre que le terrorisme, n\u2019a pas de religion, ni de couleur, ni de nationalit\u00e9. <\/p>\n\n\n\n<p>Il concerne seules les id\u00e9ologies extr\u00e9mistes dans lesquelles sombrent ses partisan-e-s terroristes. Cela montre \u00e9galement le degr\u00e9 d\u2019intol\u00e9rance quant aux diff\u00e9rences, qu\u2019elles soient culturelles, d\u2019origines ou de croyances qui ne cesse de cro\u00eetre tant\u00f4t avec l\u2019aide des politiques x\u00e9nophobes et racistes et tant\u00f4t avec l\u2019aide des m\u00e9dias.<\/p>\n\n\n\n<p>Il va sans dire que la x\u00e9nophobie, y compris en France, est en grande partie aliment\u00e9e par les politiques et les discours m\u00e9diatiques auxquelles les citoyen.ne.s sont confront\u00e9.e.s quotidiennement. Qualifier l&rsquo;arriv\u00e9e de migrant.e.s \u00ab\u00a0d\u2019invasion\u00a0\u00bb ou encore d&rsquo;immigration de \u00ab\u00a0masses\u00a0\u00bb suscite une ambiance de peur g\u00e9n\u00e9rale de nature \u00e0 favoriser la x\u00e9nophobie et la haine envers l&rsquo;autre.<\/p>\n\n\n\n<p>L\u2019Association Marocaine des Droits Humains Paris-IDF d\u00e9nonce cette attaque terroriste et pr\u00e9sente ses condol\u00e9ances aux familles et proches des victimes.<\/p>\n\n\n\n<p>Nous d\u00e9non\u00e7ons \u00e9galement la mont\u00e9e de l\u2019islamophobie et des discours racistes qui la favorise et nous d\u00e9clarons que face \u00e0 de tels actes nous ne pouvons que renforcer les combats antiracistes<\/p>\n\n\n\n<p><\/p>\n","protected":false},"excerpt":{"rendered":"<p>La ville n\u00e9o-z\u00e9landaise Christchurch a connu un \u00e9v\u00e9nement tragique ce vendredi 15 mars. Une attaque terroriste et meurtri\u00e8re visant deux mosqu\u00e9es et organis\u00e9e par l\u2019extr\u00eame droite a tu\u00e9 50 personnes. La plus grande tuerie collective de l\u2019histoire contemporaine du pays. Cet \u00e9v\u00e9nement, qui ne peut \u00eatre que condamnable, a mis la lumi\u00e8re sur la gravit\u00e9 [&hellip;]<\/p>\n","protected":false},"author":1,"featured_media":3913,"comment_status":"open","ping_status":"open","sticky":false,"template":"","format":"standard","meta":{"footnotes":""},"categories":[6,78],"tags":[],"class_list":["post-4643","post","type-post","status-publish","format-standard","has-post-thumbnail","hentry","category-communiques","category-une"],"post_mailing_queue_ids":[],"_links":{"self":[{"href":"http:\/\/amdhparis.org\/wordpress\/index.php?rest_route=\/wp\/v2\/posts\/4643","targetHints":{"allow":["GET"]}}],"collection":[{"href":"http:\/\/amdhparis.org\/wordpress\/index.php?rest_route=\/wp\/v2\/posts"}],"about":[{"href":"http:\/\/amdhparis.org\/wordpress\/index.php?rest_route=\/wp\/v2\/types\/post"}],"author":[{"embeddable":true,"href":"http:\/\/amdhparis.org\/wordpress\/index.php?rest_route=\/wp\/v2\/users\/1"}],"replies":[{"embeddable":true,"href":"http:\/\/amdhparis.org\/wordpress\/index.php?rest_route=%2Fwp%2Fv2%2Fcomments&post=4643"}],"version-history":[{"count":2,"href":"http:\/\/amdhparis.org\/wordpress\/index.php?rest_route=\/wp\/v2\/posts\/4643\/revisions"}],"predecessor-version":[{"id":4719,"href":"http:\/\/amdhparis.org\/wordpress\/index.php?rest_route=\/wp\/v2\/posts\/4643\/revisions\/4719"}],"wp:featuredmedia":[{"embeddable":true,"href":"http:\/\/amdhparis.org\/wordpress\/index.php?rest_route=\/wp\/v2\/media\/3913"}],"wp:attachment":[{"href":"http:\/\/amdhparis.org\/wordpress\/index.php?rest_route=%2Fwp%2Fv2%2Fmedia&parent=4643"}],"wp:term":[{"taxonomy":"category","embeddable":true,"href":"http:\/\/amdhparis.org\/wordpress\/index.php?rest_route=%2Fwp%2Fv2%2Fcategories&post=4643"},{"taxonomy":"post_tag","embeddable":true,"href":"http:\/\/amdhparis.org\/wordpress\/index.php?rest_route=%2Fwp%2Fv2%2Ftags&post=4643"}],"curies":[{"name":"wp","href":"https:\/\/api.w.org\/{rel}","templated":true}]}}