{"id":4660,"date":"2019-05-01T13:49:59","date_gmt":"2019-05-01T13:49:59","guid":{"rendered":"http:\/\/amdhparis.org\/wordpress\/?p=4660"},"modified":"2019-05-01T13:50:50","modified_gmt":"2019-05-01T13:50:50","slug":"communique-de-presse-suite-a-la-cloture-des-travaux-du-12eme-congres-de-lassociation-marocaine-des-droits-humains","status":"publish","type":"post","link":"http:\/\/amdhparis.org\/wordpress\/?p=4660","title":{"rendered":"Communiqu\u00e9 de presse suite \u00e0 la cl\u00f4ture des travaux du 12\u00e8me congr\u00e8s\u00a0 de l&rsquo;Association Marocaine des Droits Humains."},"content":{"rendered":"\n<h2 class=\"wp-block-heading\">Communiqu\u00e9 de presse suite \u00e0 la cl\u00f4ture des travaux du 12\u00e8me congr\u00e8s&nbsp; de l&rsquo;Association Marocaine des Droits Humains.<\/h2>\n\n\n\n<p>Le 12\u00e8me Congr\u00e8s National de l&rsquo;Association Marocaine des Droits Humains s&rsquo;est tenu \u00e0 Bouznika les 26, 27 et 28 avril 2019,&nbsp;sous le th\u00e8me de : \u00ab\u00a0Lutte unifi\u00e9e pour la mise en \u0153uvre de la Charte nationale des droits humains et la d\u00e9fense de tous les droits et toutes les libert\u00e9s\u00a0\u00bb.<\/p>\n\n\n\n<p> Le congr\u00e8s s&rsquo;est achev\u00e9 le dimanche 28 avril 2019 par l&rsquo;\u00e9lection des 95 membres du Conseil d\u2019administration, dont un tiers de femmes et 26% de jeunes.<\/p>\n\n\n\n<p>Dans un climat d&rsquo;enthousiasme collectif, la d\u00e9termination \u00e0 poursuivre la lutte pour les droits humains selon les diff\u00e9rentes d\u00e9cisions prises lors du Congr\u00e8s est assur\u00e9 pour les ann\u00e9es \u00e0 venir. &nbsp;<\/p>\n\n\n\n<p>Le congr\u00e8s a \u00e9t\u00e9 marqu\u00e9 par un succ\u00e8s remarquable en termes d\u2019organisation et de logistique.<br>\nLa c\u00e9r\u00e9monie d\u2019ouverture a connu une pr\u00e9sence importante des ami.e.s et sympathisant.e.s de l\u2019AMDH, organisations et\/ou individu.e.s.<\/p>\n\n\n\n<p>Le congr\u00e8s n&rsquo;a pas manqu\u00e9 d&rsquo;exprimer sa fiert\u00e9 quant \u00e0 la grande solidarit\u00e9 et au large soutien du mouvement des droits humains national et international dont jouit L\u2019AMDH.&nbsp;<\/p>\n\n\n\n<p>Imm\u00e9diatement apr\u00e8s son \u00e9lection, le Comit\u00e9 administratif s&rsquo;est r\u00e9uni le dimanche 28 avril et a \u00e9lu les 23 membres du Bureau central, dont 8 femmes (35%) et 6 jeunes (26%).&nbsp; Le nouveau Bureau Central se pr\u00e9sente comme suit&nbsp;:<\/p>\n\n\n\n<p>Pr\u00e9sident :&nbsp; Aziz Ghali ;<\/p>\n\n\n\n<p>Ses adjoints :&nbsp; Naima Ouahli, Brahim Missour et Hamid Bouheddouni<\/p>\n\n\n\n<p>Secr\u00e9taire g\u00e9n\u00e9ral :&nbsp; Yousef Rissouni<br>\nSes adjoints :&nbsp; Samira Bouhya, Abdelaziz Bellahcen<\/p>\n\n\n\n<p>Tr\u00e9sorier :&nbsp; Said Tbel.<\/p>\n\n\n\n<p>Son adjoint : Sa\u00efd Benhammani.<\/p>\n\n\n\n<p>Charg\u00e9-e-s de mission :&nbsp; Zineb Chaker, Zohra Koubia, Souad Brahma, Khadija Riyadi, Mariam Maskar, Oumaima Moumouche, Abdellatif Hamamouchi, Ammar Al Wafi, Jawad Talmassani, Omar Arbib, Abdessalam Assal.<\/p>\n\n\n\n<p>Bureau central<\/p>\n\n\n\n<p>Bouznika, le 28 avril 2019<\/p>\n","protected":false},"excerpt":{"rendered":"<p>Communiqu\u00e9 de presse suite \u00e0 la cl\u00f4ture des travaux du 12\u00e8me congr\u00e8s&nbsp; de l&rsquo;Association Marocaine des Droits Humains. Le 12\u00e8me Congr\u00e8s National de l&rsquo;Association Marocaine des Droits Humains s&rsquo;est tenu \u00e0 Bouznika les 26, 27 et 28 avril 2019,&nbsp;sous le th\u00e8me de : \u00ab\u00a0Lutte unifi\u00e9e pour la mise en \u0153uvre de la Charte nationale des [&hellip;]<\/p>\n","protected":false},"author":1,"featured_media":3913,"comment_status":"open","ping_status":"open","sticky":false,"template":"","format":"standard","meta":{"footnotes":""},"categories":[6,78],"tags":[],"class_list":["post-4660","post","type-post","status-publish","format-standard","has-post-thumbnail","hentry","category-communiques","category-une"],"post_mailing_queue_ids":[],"_links":{"self":[{"href":"http:\/\/amdhparis.org\/wordpress\/index.php?rest_route=\/wp\/v2\/posts\/4660","targetHints":{"allow":["GET"]}}],"collection":[{"href":"http:\/\/amdhparis.org\/wordpress\/index.php?rest_route=\/wp\/v2\/posts"}],"about":[{"href":"http:\/\/amdhparis.org\/wordpress\/index.php?rest_route=\/wp\/v2\/types\/post"}],"author":[{"embeddable":true,"href":"http:\/\/amdhparis.org\/wordpress\/index.php?rest_route=\/wp\/v2\/users\/1"}],"replies":[{"embeddable":true,"href":"http:\/\/amdhparis.org\/wordpress\/index.php?rest_route=%2Fwp%2Fv2%2Fcomments&post=4660"}],"version-history":[{"count":2,"href":"http:\/\/amdhparis.org\/wordpress\/index.php?rest_route=\/wp\/v2\/posts\/4660\/revisions"}],"predecessor-version":[{"id":4662,"href":"http:\/\/amdhparis.org\/wordpress\/index.php?rest_route=\/wp\/v2\/posts\/4660\/revisions\/4662"}],"wp:featuredmedia":[{"embeddable":true,"href":"http:\/\/amdhparis.org\/wordpress\/index.php?rest_route=\/wp\/v2\/media\/3913"}],"wp:attachment":[{"href":"http:\/\/amdhparis.org\/wordpress\/index.php?rest_route=%2Fwp%2Fv2%2Fmedia&parent=4660"}],"wp:term":[{"taxonomy":"category","embeddable":true,"href":"http:\/\/amdhparis.org\/wordpress\/index.php?rest_route=%2Fwp%2Fv2%2Fcategories&post=4660"},{"taxonomy":"post_tag","embeddable":true,"href":"http:\/\/amdhparis.org\/wordpress\/index.php?rest_route=%2Fwp%2Fv2%2Ftags&post=4660"}],"curies":[{"name":"wp","href":"https:\/\/api.w.org\/{rel}","templated":true}]}}