{"id":4731,"date":"2020-06-25T23:21:30","date_gmt":"2020-06-25T23:21:30","guid":{"rendered":"http:\/\/amdhparis.org\/wordpress\/?p=4731"},"modified":"2020-07-03T22:11:54","modified_gmt":"2020-07-03T22:11:54","slug":"edito","status":"publish","type":"post","link":"http:\/\/amdhparis.org\/wordpress\/?p=4731","title":{"rendered":"Edito"},"content":{"rendered":"\n<blockquote class=\"wp-block-quote is-layout-flow wp-block-quote-is-layout-flow\"><p>A travers cette newsletter, nous souhaitons, en tant que section de l\u2019Association Marocaine des Droits Humains \u00e0 Paris et en \u00cele-de-France, revenir sur certains de nos \u00e9v\u00e8nements afin de rapprocher nos lecteur-rice-s de nos activit\u00e9s, des causes que nous d\u00e9fendons et de la vision que nous portons pour la d\u00e9fense des droits humains aussi bien en France, au Maroc, que partout ailleurs. Une vision anti-raciste et pour la dignit\u00e9 de tou-te-s.<\/p><\/blockquote>\n\n\n\n<p>A l\u2019occasion du 41\u00e8me anniversaire de l\u2019AMDH, il est \u00e9galement important de revenir sur son Histoire, ses diff\u00e9rentes \u00e9tapes, la r\u00e9pression qu\u2019elle a v\u00e9cue et les acquis qu\u2019elle a pu arracher. Nous allons donc nous focaliser sur la p\u00e9riode de 1979 \u00e0 2001. Les \u00e9tapes d\u2019apr\u00e8s 2001 seront publi\u00e9es lors des prochaines \u00e9ditions.<\/p>\n\n\n\n<p>L\u2019Association Marocaine des Droits Humains, avec ses diff\u00e9rentes sections \u2013 dont la n\u00f4tre &#8211; , a pu assurer une continuit\u00e9 de son combat pour l\u2019Universalit\u00e9 et la Globalit\u00e9 des Droits Humains gr\u00e2ce \u00e0 l\u2019engagement de ses membres et de tou-te-s ses adh\u00e9rent-e-s et militant-e-s. Nous souhaitons donc \u00e9galement, \u00e0 travers cette newsletter, rendre hommage et remercier tous ceux et toutes celles qui ont fait en sorte que l\u2019AMDH reste forte malgr\u00e9 tous les obstacles mis sur sa route.<\/p>\n\n\n\n<p>Nous vous souhaitons une\nbonne lecture pour cette premi\u00e8re \u00e9dition et vous fixons d\u00e8s \u00e0 pr\u00e9sent\nrendez-vous pour les prochaines.<\/p>\n\n\n\n<p><em>Membre \/ Adh\u00e9rent-e&nbsp;\/ Sympathisant-e&nbsp;? Tu souhaites participer \u00e0 la r\u00e9daction d\u2019articles pour notre Newsletter&nbsp;? Ecris-nous \u00e0 amdh.paris@gmail.com<\/em><\/p>\n","protected":false},"excerpt":{"rendered":"<p>A travers cette newsletter, nous souhaitons, en tant que section de l\u2019Association Marocaine des Droits Humains \u00e0 Paris et en \u00cele-de-France, revenir sur certains de nos \u00e9v\u00e8nements afin de rapprocher nos lecteur-rice-s de nos activit\u00e9s, des causes que nous d\u00e9fendons et de la vision que nous portons pour la d\u00e9fense des droits humains aussi bien [&hellip;]<\/p>\n","protected":false},"author":1,"featured_media":4733,"comment_status":"open","ping_status":"open","sticky":false,"template":"","format":"standard","meta":{"footnotes":""},"categories":[82],"tags":[],"class_list":["post-4731","post","type-post","status-publish","format-standard","has-post-thumbnail","hentry","category-nl"],"post_mailing_queue_ids":[],"_links":{"self":[{"href":"http:\/\/amdhparis.org\/wordpress\/index.php?rest_route=\/wp\/v2\/posts\/4731","targetHints":{"allow":["GET"]}}],"collection":[{"href":"http:\/\/amdhparis.org\/wordpress\/index.php?rest_route=\/wp\/v2\/posts"}],"about":[{"href":"http:\/\/amdhparis.org\/wordpress\/index.php?rest_route=\/wp\/v2\/types\/post"}],"author":[{"embeddable":true,"href":"http:\/\/amdhparis.org\/wordpress\/index.php?rest_route=\/wp\/v2\/users\/1"}],"replies":[{"embeddable":true,"href":"http:\/\/amdhparis.org\/wordpress\/index.php?rest_route=%2Fwp%2Fv2%2Fcomments&post=4731"}],"version-history":[{"count":5,"href":"http:\/\/amdhparis.org\/wordpress\/index.php?rest_route=\/wp\/v2\/posts\/4731\/revisions"}],"predecessor-version":[{"id":4761,"href":"http:\/\/amdhparis.org\/wordpress\/index.php?rest_route=\/wp\/v2\/posts\/4731\/revisions\/4761"}],"wp:featuredmedia":[{"embeddable":true,"href":"http:\/\/amdhparis.org\/wordpress\/index.php?rest_route=\/wp\/v2\/media\/4733"}],"wp:attachment":[{"href":"http:\/\/amdhparis.org\/wordpress\/index.php?rest_route=%2Fwp%2Fv2%2Fmedia&parent=4731"}],"wp:term":[{"taxonomy":"category","embeddable":true,"href":"http:\/\/amdhparis.org\/wordpress\/index.php?rest_route=%2Fwp%2Fv2%2Fcategories&post=4731"},{"taxonomy":"post_tag","embeddable":true,"href":"http:\/\/amdhparis.org\/wordpress\/index.php?rest_route=%2Fwp%2Fv2%2Ftags&post=4731"}],"curies":[{"name":"wp","href":"https:\/\/api.w.org\/{rel}","templated":true}]}}