{"id":4735,"date":"2020-06-25T23:21:30","date_gmt":"2020-06-25T23:21:30","guid":{"rendered":"http:\/\/amdhparis.org\/wordpress\/?p=4735"},"modified":"2020-07-06T10:07:20","modified_gmt":"2020-07-06T10:07:20","slug":"droit-a-la-terre-et-respect-des-droits-humains-deux-combats-qui-se-completent","status":"publish","type":"post","link":"http:\/\/amdhparis.org\/wordpress\/?p=4735","title":{"rendered":"Droit \u00e0 la terre et respect des droits humains, deux combats qui se compl\u00e8tent !"},"content":{"rendered":"\n<ul class=\"wp-block-gallery columns-2 is-cropped wp-block-gallery-1 is-layout-flex wp-block-gallery-is-layout-flex\"><li class=\"blocks-gallery-item\"><figure><img loading=\"lazy\" decoding=\"async\" width=\"960\" height=\"720\" src=\"http:\/\/amdhparis.org\/wordpress\/wp-content\/uploads\/2020\/07\/WhatsApp-Image-2020-06-30-at-21.29.06.jpeg\" alt=\"\" data-id=\"4768\" class=\"wp-image-4768\" srcset=\"http:\/\/amdhparis.org\/wordpress\/wp-content\/uploads\/2020\/07\/WhatsApp-Image-2020-06-30-at-21.29.06.jpeg 960w, http:\/\/amdhparis.org\/wordpress\/wp-content\/uploads\/2020\/07\/WhatsApp-Image-2020-06-30-at-21.29.06-300x225.jpeg 300w, http:\/\/amdhparis.org\/wordpress\/wp-content\/uploads\/2020\/07\/WhatsApp-Image-2020-06-30-at-21.29.06-768x576.jpeg 768w, http:\/\/amdhparis.org\/wordpress\/wp-content\/uploads\/2020\/07\/WhatsApp-Image-2020-06-30-at-21.29.06-600x450.jpeg 600w, http:\/\/amdhparis.org\/wordpress\/wp-content\/uploads\/2020\/07\/WhatsApp-Image-2020-06-30-at-21.29.06-360x270.jpeg 360w\" sizes=\"auto, (max-width: 960px) 100vw, 960px\" \/><\/figure><\/li><li class=\"blocks-gallery-item\"><figure><img loading=\"lazy\" decoding=\"async\" width=\"960\" height=\"720\" src=\"http:\/\/amdhparis.org\/wordpress\/wp-content\/uploads\/2020\/07\/WhatsApp-Image-2020-06-30-at-21.28.46.jpeg\" alt=\"\" data-id=\"4769\" data-link=\"http:\/\/amdhparis.org\/wordpress\/?attachment_id=4769\" class=\"wp-image-4769\" srcset=\"http:\/\/amdhparis.org\/wordpress\/wp-content\/uploads\/2020\/07\/WhatsApp-Image-2020-06-30-at-21.28.46.jpeg 960w, http:\/\/amdhparis.org\/wordpress\/wp-content\/uploads\/2020\/07\/WhatsApp-Image-2020-06-30-at-21.28.46-300x225.jpeg 300w, http:\/\/amdhparis.org\/wordpress\/wp-content\/uploads\/2020\/07\/WhatsApp-Image-2020-06-30-at-21.28.46-768x576.jpeg 768w, http:\/\/amdhparis.org\/wordpress\/wp-content\/uploads\/2020\/07\/WhatsApp-Image-2020-06-30-at-21.28.46-600x450.jpeg 600w, http:\/\/amdhparis.org\/wordpress\/wp-content\/uploads\/2020\/07\/WhatsApp-Image-2020-06-30-at-21.28.46-360x270.jpeg 360w\" sizes=\"auto, (max-width: 960px) 100vw, 960px\" \/><\/figure><\/li><\/ul>\n\n\n\n<p>Si les textes relatifs aux Droits de la Nature regroupent diff\u00e9rents \u00e9l\u00e9ments allant des Droits de l\u2019Humanit\u00e9 \u00e0 la Charte de la Terre, nous allons nous orienter vers celui qui concerne les Droits \u00e0 la Terre M\u00e8re \u00e0 travers la D\u00e9claration Universelle des Droits de la Terre M\u00e8re adopt\u00e9e en 2010 qui stipule que \u00ab&nbsp;<em>Reconna\u00eet la Terre comme communaut\u00e9 indivisible de la vie peupl\u00e9e d\u2019\u00eatres interd\u00e9pendants et consid\u00e8re le respect desdits droits comme condition premi\u00e8re \u00e0 l\u2019effectivit\u00e9 des droits humains. La D\u00e9claration liste 12 droits de la nature et y adjoint 13 devoirs pour l\u2019Homme&nbsp;<\/em>\u00bb.<a href=\"#_ftn1\">[1]<\/a><\/p>\n\n\n\n<p>Nombreux sont\nles combats men\u00e9s au Maroc et tournant autour du Droit \u00e0 la Terre&nbsp;: Femmes\net terres Soulaliyates, Mouvement Akal Souss, Mouvement Abrid 96 Imider, pour\nn\u2019en citer que ceux-ci. Nous avons choisi de retenir le combat de la population\nd\u2019Imider, r\u00e9gion montagneuse du Sud-Est marocain, qui compte la plus grande\nmine d\u2019Argent d\u2019Afrique et dont les habitant-e-s ne jouissent d\u2019aucun de leurs\ndroits les plus \u00e9l\u00e9mentaires (\u00e9ducation, sant\u00e9, logement, infrastructure \u2026). La\nr\u00e9gion est l\u2019une des plus pauvres en termes d\u2019infrastructures&nbsp;: Les \u00e9coles\nsont \u00e0 de nombreux kilom\u00e8tres des villages, les routes sont dangereuses aussi\nbien pour les conducteur-rice-s que pour les enfants qui marchent dans le froid\net la chaleur, les Centres de Sant\u00e9 sont d\u00e9sert\u00e9s de personnel et de mat\u00e9riel (rappelons\nle tragique d\u00e9c\u00e8s de la petite Idya de 3ans, dans la r\u00e9gion de Toudgha non loin\nd\u2019Imider, apr\u00e8s une chute alors qu\u2019elle jouait, aucun diagnostic n\u2019a pu \u00eatre\nfait dans la ville de Tinghir ni celle d\u2019Errachidia, faute d\u2019avoir un scanner\nm\u00e9dical). Tout ceci a pouss\u00e9 la population &#8211; d\u00e8s les ann\u00e9es 70 &#8211; \u00e0 d\u00e9noncer les\nconditions de vie d\u00e9sastreuses et l\u2019exploitation de la terre et de ses\nressources naturelles. Le 20 ao\u00fbt 2011, en parall\u00e8le avec la dynamique sociale\nqu\u2019a connu le Maroc et le Monde, a d\u00e9but\u00e9 le sit-in des habitant-e-s d\u2019Imider\nsous le nom d\u2019Abrid 96 (sur la voie 96) o\u00f9 les manifestations se sont tenues de\nnuit comme de jour, les marches se faisaient sur plusieurs kilom\u00e8tres et la\nr\u00e9pression a entra\u00een\u00e9 l\u2019emprisonnement de plus de 30 militants. Le mouvement\ncontinue d\u2019exister, le sit-in a quant \u00e0 lui \u00e9t\u00e9 interrompu le 17 septembre\n2019, il a dur\u00e9 8 ans et est consid\u00e9r\u00e9 comme \u00e9tant le plus long sit-in au Monde.<\/p>\n\n\n\n<p>Dans un pays qui\nroule \u00e0 deux vitesses et o\u00f9 l\u2019on continue \u00e0 qualifier des r\u00e9gions d\u2019inutiles,\nles populations ne profitent jamais de leurs richesses naturelles, l\u2019une des\nraisons qui fait na\u00eetre la r\u00e9volte. A Imider, la r\u00e9volte fut pacifique,\nd\u00e9mocratique et pleine de bonne volont\u00e9 avec la particularit\u00e9&nbsp;de combiner\nles revendications \u00e9conomiques et sociales et \u00e0 des revendications \u00e9cologiques\n\u00e9galement. La seule r\u00e9ponse a \u00e9t\u00e9&nbsp;: plus de r\u00e9pression et plus de\nmarginalisation.<\/p>\n\n\n\n<p>Rappelons que\ndans le cadre de cette dynamique sociale, le mouvement Abrid 96 s\u2019\u00e9tait\nrevendiqu\u00e9 comme mouvement autonome et apolitique, a trouv\u00e9 comme si\u00e8ge le Mont\nd\u2019Alebban (1000 m\u00e8tres d\u2019altitude), a d\u00e9fendu le droit des tribus autochtones\nd\u2019A\u00eft Atta \u00e0 leurs terres et leurs ressources naturelles qui se sont vues\nspoli\u00e9es. Les habitant-e-s d\u2019Imider et le mouvement Abrid 96 ont tenu un bras\nde fer tenu face \u00e0 la soci\u00e9t\u00e9 mini\u00e8re Managem qui exploite la mine d\u2019Argent\nd\u2019Imider, l\u2019une des raisons principales du d\u00e9but de ce combat.<\/p>\n\n\n\n<p>Entre 2012 et\n2014, les arrestations se sont multipli\u00e9es, les prisonniers politiques du\nmouvement Abrid 96 \u00e9taient au nombre de 30 et ont fait le tour des prisons\n(dans le but de les disperser et de minimiser le contact entre eux), entre\nOuarzazate, Errachidia, Mekn\u00e8s et Sal\u00e9. Ils ont ainsi \u00e9t\u00e9 priv\u00e9s de soins, les\nvisites familiales se compliquaient (les familles traversaient plusieurs\ncentaines de kilom\u00e8tres pour une dizaine de minutes de visite) et la poursuite\nd\u2019\u00e9tudes aussi. Ils ont \u00e9cop\u00e9 de deux \u00e0 quatre ans de prison avant de retrouver\nleur libert\u00e9.<\/p>\n\n\n\n<p>A l\u2019AMDH Paris\/Idf, nous avons organis\u00e9 une conf\u00e9rence d\u00e9bat autour du droit \u00e0 la terre le 8 d\u00e9cembre 2018 o\u00f9 Omar Moujane, activiste du mouvement Abrid 96 et ancien d\u00e9tenu politique d\u2019Imider, nous a \u00e9clair\u00e9 sur la situation sur place, la d\u00e9tention politique, le r\u00f4le de la femme dans le mouvement \u2026 L\u2019un des points soulign\u00e9 par Omar \u00e9tait la d\u00e9cision prise par lui et ses camarades lors de leur d\u00e9tention&nbsp;: Ne pas d\u00e9tourner le combat d\u2019Imider et le concentrer sur leur lib\u00e9ration uniquement, le combat devait continuer sur la base des revendications premi\u00e8res.<\/p>\n\n\n\n<p>Par : Soumaya Regragui<\/p>\n\n\n\n<hr class=\"wp-block-separator\"\/>\n\n\n\n<p><a href=\"#_ftnref1\">[1]<\/a> https:\/\/www.sol-asso.fr\/wp-content\/uploads\/2012\/04\/Universal-declaration-of-the-rights-of-mother-earth-FR.pdf<\/p>\n","protected":false},"excerpt":{"rendered":"<p>Si les textes relatifs aux Droits de la Nature regroupent diff\u00e9rents \u00e9l\u00e9ments allant des Droits de l\u2019Humanit\u00e9 \u00e0 la Charte de la Terre, nous allons nous orienter vers celui qui concerne les Droits \u00e0 la Terre M\u00e8re \u00e0 travers la D\u00e9claration Universelle des Droits de la Terre M\u00e8re adopt\u00e9e en 2010 qui stipule que \u00ab&nbsp;Reconna\u00eet [&hellip;]<\/p>\n","protected":false},"author":1,"featured_media":4767,"comment_status":"open","ping_status":"open","sticky":false,"template":"","format":"standard","meta":{"footnotes":""},"categories":[82],"tags":[],"class_list":["post-4735","post","type-post","status-publish","format-standard","has-post-thumbnail","hentry","category-nl"],"post_mailing_queue_ids":[],"_links":{"self":[{"href":"http:\/\/amdhparis.org\/wordpress\/index.php?rest_route=\/wp\/v2\/posts\/4735","targetHints":{"allow":["GET"]}}],"collection":[{"href":"http:\/\/amdhparis.org\/wordpress\/index.php?rest_route=\/wp\/v2\/posts"}],"about":[{"href":"http:\/\/amdhparis.org\/wordpress\/index.php?rest_route=\/wp\/v2\/types\/post"}],"author":[{"embeddable":true,"href":"http:\/\/amdhparis.org\/wordpress\/index.php?rest_route=\/wp\/v2\/users\/1"}],"replies":[{"embeddable":true,"href":"http:\/\/amdhparis.org\/wordpress\/index.php?rest_route=%2Fwp%2Fv2%2Fcomments&post=4735"}],"version-history":[{"count":5,"href":"http:\/\/amdhparis.org\/wordpress\/index.php?rest_route=\/wp\/v2\/posts\/4735\/revisions"}],"predecessor-version":[{"id":4774,"href":"http:\/\/amdhparis.org\/wordpress\/index.php?rest_route=\/wp\/v2\/posts\/4735\/revisions\/4774"}],"wp:featuredmedia":[{"embeddable":true,"href":"http:\/\/amdhparis.org\/wordpress\/index.php?rest_route=\/wp\/v2\/media\/4767"}],"wp:attachment":[{"href":"http:\/\/amdhparis.org\/wordpress\/index.php?rest_route=%2Fwp%2Fv2%2Fmedia&parent=4735"}],"wp:term":[{"taxonomy":"category","embeddable":true,"href":"http:\/\/amdhparis.org\/wordpress\/index.php?rest_route=%2Fwp%2Fv2%2Fcategories&post=4735"},{"taxonomy":"post_tag","embeddable":true,"href":"http:\/\/amdhparis.org\/wordpress\/index.php?rest_route=%2Fwp%2Fv2%2Ftags&post=4735"}],"curies":[{"name":"wp","href":"https:\/\/api.w.org\/{rel}","templated":true}]}}