{"id":4737,"date":"2020-06-25T23:21:30","date_gmt":"2020-06-25T23:21:30","guid":{"rendered":"http:\/\/amdhparis.org\/wordpress\/?p=4737"},"modified":"2020-07-04T21:37:57","modified_gmt":"2020-07-04T21:37:57","slug":"universite-dete-2eme-edition-et-pas-la-derniere","status":"publish","type":"post","link":"http:\/\/amdhparis.org\/wordpress\/?p=4737","title":{"rendered":"Universit\u00e9 d\u2019\u00e9t\u00e9 \u2026 2\u00e8me \u00e9dition et pas la derni\u00e8re !"},"content":{"rendered":"\n<figure class=\"wp-block-image\"><img loading=\"lazy\" decoding=\"async\" width=\"1024\" height=\"768\" src=\"http:\/\/amdhparis.org\/wordpress\/wp-content\/uploads\/2020\/07\/univ-2-1024x768.jpeg\" alt=\"\" class=\"wp-image-4765\" srcset=\"http:\/\/amdhparis.org\/wordpress\/wp-content\/uploads\/2020\/07\/univ-2-1024x768.jpeg 1024w, http:\/\/amdhparis.org\/wordpress\/wp-content\/uploads\/2020\/07\/univ-2-300x225.jpeg 300w, http:\/\/amdhparis.org\/wordpress\/wp-content\/uploads\/2020\/07\/univ-2-768x576.jpeg 768w, http:\/\/amdhparis.org\/wordpress\/wp-content\/uploads\/2020\/07\/univ-2-600x450.jpeg 600w, http:\/\/amdhparis.org\/wordpress\/wp-content\/uploads\/2020\/07\/univ-2-360x270.jpeg 360w, http:\/\/amdhparis.org\/wordpress\/wp-content\/uploads\/2020\/07\/univ-2.jpeg 1599w\" sizes=\"auto, (max-width: 1024px) 100vw, 1024px\" \/><\/figure>\n\n\n\n<p>C\u2019est dans un contexte o\u00f9 la x\u00e9nophobie, l\u2019islamophobie, les politiques racistes et n\u00e9olib\u00e9rales prennent de l\u2019ampleur que les mouvements sociaux et des droits humains grandissent et s\u2019organisent autour des luttes antiracistes et pour l\u2019\u00e9galit\u00e9.<\/p>\n\n\n\n<p>L\u2019AMDH Europe a\nvoulu consacrer l\u2019un de ses plus grands chantiers, l\u2019Universit\u00e9 d\u2019Et\u00e9, \u00e0 la th\u00e9matique\n\u00ab&nbsp;L\u2019immigration et luttes antiracistes. D\u00e9fis et perspectives&nbsp;\u00bb afin\nd\u2019\u00e9largir son champ d\u2019action et de d\u00e9battre des probl\u00e9matiques se posant aussi\nbien en France qu\u2019au Maroc. Garantir une place de formation et d\u2019auto-formation\nautour de la question de l\u2019immigration et des droits de ses populations a \u00e9t\u00e9\naussi l\u2019un de ses objectifs. Plusieurs ateliers et formations anim\u00e9s par des\nintervenant.e.s internes et externes ont donc eu lieu pour permettre une\nmeilleure compr\u00e9hension des enjeux li\u00e9s aux droits des populations issues de\nl\u2019immigration.<\/p>\n\n\n\n<p>Aussi et dans le\ncadre du 40\u00e8me anniversaire de l\u2019AMDH, les positions de notre Association par\nrapport aux violations des droits de l\u2019immigration ont \u00e9t\u00e9 rappel\u00e9es et ont\npermis, \u00e0 travers des discussions riches, de dresser des liens entre les luttes\nde l\u2019immigration en Europe et dans les pays du sud.<\/p>\n\n\n\n<p>L\u2019universit\u00e9\nd\u2019\u00e9t\u00e9 a aussi \u00e9t\u00e9 l\u2019occasion de faire le point sur le fonctionnement des\nsections europ\u00e9ennes de l\u2019AMDH et d\u2019\u00e9laborer des pistes d\u2019\u00e9volution ainsi que\nles perspectives de notre action en Europe. Cette universit\u00e9 a aussi \u00e9t\u00e9 un\nmoment de convivialit\u00e9 permettant de renforcer les liens entre nos militant.e.s\net des diff\u00e9rentes sections repr\u00e9sent\u00e9es.&nbsp;\n<\/p>\n\n\n\n<p>Rappelons le\npoint 2 de l\u2019Article Premier de la D\u00e9claration sur la Race et les Pr\u00e9jug\u00e9s\nRaciaux&nbsp;:<\/p>\n\n\n\n<p><em>\u00ab&nbsp;Tous les individus et tous les groupes ont le droit d&rsquo;\u00eatre diff\u00e9rents, de se concevoir et d&rsquo;\u00eatre per\u00e7us comme tels. Toutefois, la diversit\u00e9 des formes de vie et le droit \u00e0 la diff\u00e9rence ne peuvent en aucun cas servir de pr\u00e9texte aux pr\u00e9jug\u00e9s raciaux; ils ne peuvent l\u00e9gitimer ni en droit ni en fait quelque pratique discriminatoire que ce soit, ni fonder la politique de l&rsquo;apartheid qui constitue la forme extr\u00eame du racisme&nbsp;\u00bb.<a href=\"#_ftn1\"><strong>[1]<\/strong><\/a><\/em> <\/p>\n\n\n\n<p>Par&nbsp;: L\u2019AMDH Europe <br><\/p>\n\n\n\n<hr class=\"wp-block-separator\"\/>\n\n\n\n<p><a href=\"#_ftnref1\">[1]<\/a> <a href=\"https:\/\/www.ohchr.org\/FR\/ProfessionalInterest\/Pages\/RaceAndRacialPrejudice.aspx\">https:\/\/www.ohchr.org\/FR\/ProfessionalInterest\/Pages\/RaceAndRacialPrejudice.aspx<\/a><\/p>\n","protected":false},"excerpt":{"rendered":"<p>C\u2019est dans un contexte o\u00f9 la x\u00e9nophobie, l\u2019islamophobie, les politiques racistes et n\u00e9olib\u00e9rales prennent de l\u2019ampleur que les mouvements sociaux et des droits humains grandissent et s\u2019organisent autour des luttes antiracistes et pour l\u2019\u00e9galit\u00e9. L\u2019AMDH Europe a voulu consacrer l\u2019un de ses plus grands chantiers, l\u2019Universit\u00e9 d\u2019Et\u00e9, \u00e0 la th\u00e9matique \u00ab&nbsp;L\u2019immigration et luttes antiracistes. D\u00e9fis [&hellip;]<\/p>\n","protected":false},"author":1,"featured_media":4764,"comment_status":"open","ping_status":"open","sticky":false,"template":"","format":"standard","meta":{"footnotes":""},"categories":[82],"tags":[],"class_list":["post-4737","post","type-post","status-publish","format-standard","has-post-thumbnail","hentry","category-nl"],"post_mailing_queue_ids":[],"_links":{"self":[{"href":"http:\/\/amdhparis.org\/wordpress\/index.php?rest_route=\/wp\/v2\/posts\/4737","targetHints":{"allow":["GET"]}}],"collection":[{"href":"http:\/\/amdhparis.org\/wordpress\/index.php?rest_route=\/wp\/v2\/posts"}],"about":[{"href":"http:\/\/amdhparis.org\/wordpress\/index.php?rest_route=\/wp\/v2\/types\/post"}],"author":[{"embeddable":true,"href":"http:\/\/amdhparis.org\/wordpress\/index.php?rest_route=\/wp\/v2\/users\/1"}],"replies":[{"embeddable":true,"href":"http:\/\/amdhparis.org\/wordpress\/index.php?rest_route=%2Fwp%2Fv2%2Fcomments&post=4737"}],"version-history":[{"count":3,"href":"http:\/\/amdhparis.org\/wordpress\/index.php?rest_route=\/wp\/v2\/posts\/4737\/revisions"}],"predecessor-version":[{"id":4766,"href":"http:\/\/amdhparis.org\/wordpress\/index.php?rest_route=\/wp\/v2\/posts\/4737\/revisions\/4766"}],"wp:featuredmedia":[{"embeddable":true,"href":"http:\/\/amdhparis.org\/wordpress\/index.php?rest_route=\/wp\/v2\/media\/4764"}],"wp:attachment":[{"href":"http:\/\/amdhparis.org\/wordpress\/index.php?rest_route=%2Fwp%2Fv2%2Fmedia&parent=4737"}],"wp:term":[{"taxonomy":"category","embeddable":true,"href":"http:\/\/amdhparis.org\/wordpress\/index.php?rest_route=%2Fwp%2Fv2%2Fcategories&post=4737"},{"taxonomy":"post_tag","embeddable":true,"href":"http:\/\/amdhparis.org\/wordpress\/index.php?rest_route=%2Fwp%2Fv2%2Ftags&post=4737"}],"curies":[{"name":"wp","href":"https:\/\/api.w.org\/{rel}","templated":true}]}}