{"id":4740,"date":"2020-06-25T23:21:30","date_gmt":"2020-06-25T23:21:30","guid":{"rendered":"http:\/\/amdhparis.org\/wordpress\/?p=4740"},"modified":"2020-07-04T21:41:41","modified_gmt":"2020-07-04T21:41:41","slug":"exil-rendons-hommages-a-ceux-celles-qui-en-ont-fait-un-combat","status":"publish","type":"post","link":"http:\/\/amdhparis.org\/wordpress\/?p=4740","title":{"rendered":"Exil \u2026 Rendons hommages \u00e0 ceux\/celles qui en ont fait un combat"},"content":{"rendered":"\n<p>Les ann\u00e9es de\nplomb au Maroc n\u2019ont pas eu comme seule particularit\u00e9 la r\u00e9pression, la torture\nou la d\u00e9tention. Elles ont \u00e9galement pouss\u00e9 un nombre de personnes \u00e0 s\u2019en\naller, \u00e0 choisir de s\u2019\u00e9tablir loin mais \u00e0 continuer de lutter.<\/p>\n\n\n\n<p>Nombreux et\nnombreuses sont les marocain-e-s qui ont fui apr\u00e8s une arrestation, une\nintimidation, une poursuite ou juste une peur, se retrouvant exil\u00e9-e-s en\nFrance et dans bien d\u2019autres pays et rejoignant ainsi les nombreux-ses\ntravailleur-se-s ayant quitt\u00e9 leurs pays pour des motifs socio-\u00e9conomiques. <\/p>\n\n\n\n<p>Pour revenir sur\nles diff\u00e9rents faits ayant pouss\u00e9 \u00e0 l\u2019exil et discuter de luttes\/combats men\u00e9s\nde loin pour les droits humains au Maroc, l\u2019AMDH Paris\/IDF a tenu \u00e0 rendre hommage\naux d\u00e9fenseur-e-s des droits humains \u00e0 travers une soir\u00e9e engag\u00e9e marqu\u00e9e par\nles diff\u00e9rents t\u00e9moignages des un-e-s et des autres, un retour \u00e9mouvant sur les\npers\u00e9cutions, arrestations et disparitions des un-e-s et des autres, des r\u00e9cits\nautour de l\u2019Union Nationale des Etudiant-e-s du Maroc (UNEM) et son\norganisation en France, des actions pour la v\u00e9rit\u00e9 sur le sort des disparu-e-s\net pour un Etat de Droits au Maroc. Le retour sur l\u2019Amnistie de 1994 qui a\npermis \u00e0 beaucoup d\u2019exil\u00e9-e-s de retourner au Maroc apr\u00e8s plusieurs ann\u00e9es en France\n\u00e9tait \u00e9galement de la partie.<\/p>\n\n\n\n<p>La d\u00e9claration\nuniverselle des droits de l\u2019Homme stipule que&nbsp;\n<em>\u00ab&nbsp;Toute personne a le droit de quitter tout pays, y compris le\nsien, et de revenir dans son pays&nbsp;\u00bb (article 13, point 2) , \u00ab&nbsp;Devant\nla pers\u00e9cution, toute personne a le droit de chercher asile et de b\u00e9n\u00e9ficier de\nl&rsquo;asile en d&rsquo;autres pays \u00ab&nbsp; (article 14, point 1).<\/em><\/p>\n\n\n\n<p>La soir\u00e9e a \u00e9galement \u00e9t\u00e9 l\u2019occasion de cr\u00e9er des discussions interg\u00e9n\u00e9rationnelles et d\u2019apprendre d\u2019avantage sur les un-e-s et les autres. Elle a \u00e9t\u00e9 anim\u00e9e par une prestation de l\u2019artiste Hassane Masnaoui qui a repris son r\u00e9pertoire engag\u00e9 et aussi par la remise d\u2019attestation d\u2019hommage\/souvenirs aux diff\u00e9rent-e-s invit\u00e9-e-s. <\/p>\n\n\n\n<p>Par&nbsp;: Le bureau de l\u2019AMDH Paris\/IDF <\/p>\n","protected":false},"excerpt":{"rendered":"<p>Les ann\u00e9es de plomb au Maroc n\u2019ont pas eu comme seule particularit\u00e9 la r\u00e9pression, la torture ou la d\u00e9tention. Elles ont \u00e9galement pouss\u00e9 un nombre de personnes \u00e0 s\u2019en aller, \u00e0 choisir de s\u2019\u00e9tablir loin mais \u00e0 continuer de lutter. Nombreux et nombreuses sont les marocain-e-s qui ont fui apr\u00e8s une arrestation, une intimidation, une [&hellip;]<\/p>\n","protected":false},"author":1,"featured_media":4771,"comment_status":"open","ping_status":"open","sticky":false,"template":"","format":"standard","meta":{"footnotes":""},"categories":[82],"tags":[],"class_list":["post-4740","post","type-post","status-publish","format-standard","has-post-thumbnail","hentry","category-nl"],"post_mailing_queue_ids":[],"_links":{"self":[{"href":"http:\/\/amdhparis.org\/wordpress\/index.php?rest_route=\/wp\/v2\/posts\/4740","targetHints":{"allow":["GET"]}}],"collection":[{"href":"http:\/\/amdhparis.org\/wordpress\/index.php?rest_route=\/wp\/v2\/posts"}],"about":[{"href":"http:\/\/amdhparis.org\/wordpress\/index.php?rest_route=\/wp\/v2\/types\/post"}],"author":[{"embeddable":true,"href":"http:\/\/amdhparis.org\/wordpress\/index.php?rest_route=\/wp\/v2\/users\/1"}],"replies":[{"embeddable":true,"href":"http:\/\/amdhparis.org\/wordpress\/index.php?rest_route=%2Fwp%2Fv2%2Fcomments&post=4740"}],"version-history":[{"count":2,"href":"http:\/\/amdhparis.org\/wordpress\/index.php?rest_route=\/wp\/v2\/posts\/4740\/revisions"}],"predecessor-version":[{"id":4756,"href":"http:\/\/amdhparis.org\/wordpress\/index.php?rest_route=\/wp\/v2\/posts\/4740\/revisions\/4756"}],"wp:featuredmedia":[{"embeddable":true,"href":"http:\/\/amdhparis.org\/wordpress\/index.php?rest_route=\/wp\/v2\/media\/4771"}],"wp:attachment":[{"href":"http:\/\/amdhparis.org\/wordpress\/index.php?rest_route=%2Fwp%2Fv2%2Fmedia&parent=4740"}],"wp:term":[{"taxonomy":"category","embeddable":true,"href":"http:\/\/amdhparis.org\/wordpress\/index.php?rest_route=%2Fwp%2Fv2%2Fcategories&post=4740"},{"taxonomy":"post_tag","embeddable":true,"href":"http:\/\/amdhparis.org\/wordpress\/index.php?rest_route=%2Fwp%2Fv2%2Ftags&post=4740"}],"curies":[{"name":"wp","href":"https:\/\/api.w.org\/{rel}","templated":true}]}}