{"id":4744,"date":"2020-06-25T23:21:30","date_gmt":"2020-06-25T23:21:30","guid":{"rendered":"http:\/\/amdhparis.org\/wordpress\/?p=4744"},"modified":"2020-07-03T22:12:04","modified_gmt":"2020-07-03T22:12:04","slug":"chronologie-histoire-de-lamdh-partie-i","status":"publish","type":"post","link":"http:\/\/amdhparis.org\/wordpress\/?p=4744","title":{"rendered":"Chronologie \u2013 Histoire de l\u2019AMDH (Partie I)"},"content":{"rendered":"\n<p>Dans\nle cadre du 41<sup>\u00e8me<\/sup> anniversaire de la cr\u00e9ation de l\u2019Association\nMarocaine des Droits Humains, la section parisienne revient sur ses \u00e9tapes\nhistoriques et la chronologie de ses diff\u00e9rents \u00e9v\u00e8nements phares. Cet article\nmet la lumi\u00e8re sur le combat pour la dignit\u00e9, les droits humains et la\nd\u00e9mocratie dans lequel s\u2019est engag\u00e9e l\u2019AMDH depuis sa cr\u00e9ation en 1979.<\/p>\n\n\n\n<p>L\u2019Association\nMarocaine des Droits Humains a \u00e9t\u00e9 cr\u00e9\u00e9e le 24 juin 1979, p\u00e9riode marqu\u00e9e par\nles violations des droits humains au Maroc o\u00f9 le mot d\u2019ordre \u00e9tait r\u00e9pression\net o\u00f9 les pratiques de disparitions forc\u00e9es, torture et arrestations \u00e9taient\nlargement utilis\u00e9es. Cette cr\u00e9ation est venue dans le but de participer \u00e0 la\nlutte pour la d\u00e9mocratie et les droits humains que connaissait le pays.<\/p>\n\n\n\n<p>Les\nprincipes fondamentaux de l\u2019AMDH ont vite \u00e9t\u00e9 d\u00e9cid\u00e9s&nbsp;: l\u2019Universalit\u00e9 des\nDroits Humains, la Globalit\u00e9 des Droits Humains, l\u2019Action de Masse,\nl\u2019Ind\u00e9pendance, la D\u00e9mocratie et le caract\u00e8re Progressiste de l\u2019Association.<\/p>\n\n\n\n<p>Quatre\n\u00e9tapes sont \u00e0 retenir dans l\u2019Histoire de l\u2019AMDH&nbsp;:<\/p>\n\n\n\n<ul class=\"wp-block-list\"><li><strong>L\u2019\u00e9tape de la cr\u00e9ation&nbsp;(1979 \u2013 1983)&nbsp;:<\/strong><\/li><\/ul>\n\n\n\n<p>L\u2019AMDH\na d\u00e8s le d\u00e9part con\u00e7u et adopt\u00e9 les principes d\u2019Universalit\u00e9 et de Globalit\u00e9\ndes Droits Humains. L\u2019exp\u00e9rience du militantisme des ann\u00e9es 70 au Maroc lui a\npermis d\u2019acqu\u00e9rir un nombre de notions et de d\u00e9finir ses objectifs. Treize\nsections ont vu le jour pendant cette p\u00e9riode et sont&nbsp;: Casablanca, Rabat,\nMarrakech, Tanger, Nador, Kenitra, Mekn\u00e8s, Beni Mellal, F\u00e8s, Settat, Agadir,\nOujda et Kh\u00e9misset.<\/p>\n\n\n\n<p>Les\npremiers combats dans lesquels s\u2019est engag\u00e9e l\u2019AMDH sont la lib\u00e9ration de\ntou-te-s les priosonnier-e-s politiques, l\u2019amnistie g\u00e9n\u00e9rale et le retour des\nexil\u00e9-e-s, la lib\u00e9ration de la Palestine et a lanc\u00e9 \u00e9galement des d\u00e9bats et a\nanim\u00e9 des formations autour des droits des femmes.<\/p>\n\n\n\n<ul class=\"wp-block-list\"><li><strong>L\u2019\u00e9tape de l\u2019interdiction (1984 \u2013 1988)&nbsp;:<\/strong><\/li><\/ul>\n\n\n\n<p>Les\ndifficiles ann\u00e9es 80 n\u2019ont \u00e9pargn\u00e9 personne, l\u2019AMDH a eu \u00e9galement sa part de\nr\u00e9pression a \u00e9t\u00e9 interdite \u00e0 travers ses activit\u00e9s, les activit\u00e9s de ses\nsections, l\u2019annulation de son deuxi\u00e8me congr\u00e8s national, l\u2019arrestation et la\ncondamnation politiques de ses membres et une stagnation g\u00e9n\u00e9rale de son\nfonctionnement.<\/p>\n\n\n\n<ul class=\"wp-block-list\"><li><strong>L\u2019\u00e9tape\nde la reprise des activit\u00e9s (1988 \u2013 1991)&nbsp;:<\/strong><\/li><\/ul>\n\n\n\n<p>La\nfin des ann\u00e9es 1980 et le d\u00e9but des ann\u00e9es 1990 ont connu une dynamique sociale\nnotamment avec la lib\u00e9ration de quelques d\u00e9tenu-e-s politiques et parmi\neux\/elles les responsables de l\u2019AMDH, ce qui a permis de reprendre le travail\net l\u2019organisation de diff\u00e9rentes activit\u00e9s, parmi elles le deuxi\u00e8me congr\u00e8s\nnational dit de la \u00ab&nbsp;renaissance&nbsp;\u00bb et qui a eu lieu le 11 mars 1989.\nL\u2019AMDH s\u2019est engag\u00e9e dans&nbsp;plusieurs chantiers tels que&nbsp;: le suivi des\nviolations des droits humains, la libert\u00e9 d\u2019expression, la situation des\nd\u00e9tenu-e-s politiques, la pr\u00e9paration de la charte nationale des droits humains\npubli\u00e9e le 10 d\u00e9cembre 1990 en coordination avec d\u2019autres organisations, la\nreconstruction des sections, l\u2019\u00e9largissement des relations internes et externes\net l\u2019organisation du 3<sup>\u00e8me<\/sup> congr\u00e8s national \u00e0 la suite duquel plusieurs\nsections ont \u00e9t\u00e9 cr\u00e9\u00e9es et o\u00f9 le travail de l\u2019Association a repris son essor.<\/p>\n\n\n\n<ul class=\"wp-block-list\"><li><strong>L\u2019\u00e9tape\nde l\u2019\u00e9volution du travail de l\u2019AMDH et l\u2019\u00e9largissement de ses missions (1994 \u2013\n2001)&nbsp;:<\/strong><\/li><\/ul>\n\n\n\n<p>Le\n3<sup>\u00e8me<\/sup> congr\u00e8s a \u00e9t\u00e9 l\u2019occasion d\u2019aborder des sujets li\u00e9s au droit du\ntravail, droit \u00e0 la sant\u00e9, les droits culturel et linguistiques amazighes,\ndroits des femmes et des enfants. Les 4<sup>\u00e8me<\/sup> et 5<sup>\u00e8me<\/sup>\ncongr\u00e8s a \u00e9galement eu lieu durant cette p\u00e9riode et a co\u00efncid\u00e9, entre autres, avec\nla lib\u00e9ration de certain-e-s prisonnier-e-s politiques et la ratification de\nnombreuses chartes pour les droits humains par le Maroc. Une grande marge a \u00e9t\u00e9\nr\u00e9serv\u00e9e \u00e0 la formation et \u00e0 l\u2019auto-formation au sein de l\u2019AMDH, la\ndocumentation des violations et la r\u00e9daction des plaidoyers et de rapports.<\/p>\n\n\n\n<p>L\u2019AMDH\ns\u2019est \u00e9galement engag\u00e9e dans la lutte contre l\u2019impunit\u00e9 vis-\u00e0-vis des responsables\ndes graves atteintes aux droits humains, th\u00e8me de son 6<sup>\u00e8me<\/sup> congr\u00e8s,\net pour une constitution d\u00e9mocratique au Maroc, th\u00e8me de son 7<sup>\u00e8me<\/sup>\ncongr\u00e8s. Elle a \u00e9galement appel\u00e9 l\u2019Etat marocain a men\u00e9 une enqu\u00eate sur les\nresponsables de ses violations et a continu\u00e9 de s\u2019engager pour la v\u00e9rit\u00e9 et\ncontre l\u2019impunit\u00e9 avec d\u2019autres organisations, ce qui a permis de donner lieu\naux s\u00e9ances d\u2019auditions publiques de t\u00e9moignages.<\/p>\n\n\n\n<p><em>Source&nbsp;:\nR\u00e9sum\u00e9 de l\u2019Histoire de l\u2019AMDH&nbsp;\/ Bureau Central 2994 (traduit et adapt\u00e9)<\/em><\/p>\n","protected":false},"excerpt":{"rendered":"<p>Dans le cadre du 41\u00e8me anniversaire de la cr\u00e9ation de l\u2019Association Marocaine des Droits Humains, la section parisienne revient sur ses \u00e9tapes historiques et la chronologie de ses diff\u00e9rents \u00e9v\u00e8nements phares. Cet article met la lumi\u00e8re sur le combat pour la dignit\u00e9, les droits humains et la d\u00e9mocratie dans lequel s\u2019est engag\u00e9e l\u2019AMDH depuis sa [&hellip;]<\/p>\n","protected":false},"author":1,"featured_media":0,"comment_status":"open","ping_status":"open","sticky":false,"template":"","format":"standard","meta":{"footnotes":""},"categories":[82],"tags":[],"class_list":["post-4744","post","type-post","status-publish","format-standard","hentry","category-nl"],"post_mailing_queue_ids":[],"_links":{"self":[{"href":"http:\/\/amdhparis.org\/wordpress\/index.php?rest_route=\/wp\/v2\/posts\/4744","targetHints":{"allow":["GET"]}}],"collection":[{"href":"http:\/\/amdhparis.org\/wordpress\/index.php?rest_route=\/wp\/v2\/posts"}],"about":[{"href":"http:\/\/amdhparis.org\/wordpress\/index.php?rest_route=\/wp\/v2\/types\/post"}],"author":[{"embeddable":true,"href":"http:\/\/amdhparis.org\/wordpress\/index.php?rest_route=\/wp\/v2\/users\/1"}],"replies":[{"embeddable":true,"href":"http:\/\/amdhparis.org\/wordpress\/index.php?rest_route=%2Fwp%2Fv2%2Fcomments&post=4744"}],"version-history":[{"count":2,"href":"http:\/\/amdhparis.org\/wordpress\/index.php?rest_route=\/wp\/v2\/posts\/4744\/revisions"}],"predecessor-version":[{"id":4755,"href":"http:\/\/amdhparis.org\/wordpress\/index.php?rest_route=\/wp\/v2\/posts\/4744\/revisions\/4755"}],"wp:attachment":[{"href":"http:\/\/amdhparis.org\/wordpress\/index.php?rest_route=%2Fwp%2Fv2%2Fmedia&parent=4744"}],"wp:term":[{"taxonomy":"category","embeddable":true,"href":"http:\/\/amdhparis.org\/wordpress\/index.php?rest_route=%2Fwp%2Fv2%2Fcategories&post=4744"},{"taxonomy":"post_tag","embeddable":true,"href":"http:\/\/amdhparis.org\/wordpress\/index.php?rest_route=%2Fwp%2Fv2%2Ftags&post=4744"}],"curies":[{"name":"wp","href":"https:\/\/api.w.org\/{rel}","templated":true}]}}