{"id":810,"date":"2013-08-02T18:58:31","date_gmt":"2013-08-02T18:58:31","guid":{"rendered":"http:\/\/amdhparis.org\/wordpress\/?p=810"},"modified":"2013-08-02T18:58:31","modified_gmt":"2013-08-02T18:58:31","slug":"lamdh-parisidf-appelle-a-manifester-le-samedi-3-aout-a-18h-contre-la-grace-royale-accordee-a-un-pedophile","status":"publish","type":"post","link":"http:\/\/amdhparis.org\/wordpress\/?p=810","title":{"rendered":"L&rsquo;AMDH-Paris\/IDF appelle \u00e0 manifester le samedi 3 ao\u00fbt \u00e0 18h contre la gr\u00e2ce royale accord\u00e9e \u00e0 un p\u00e9dophile"},"content":{"rendered":"<p><a href=\"http:\/\/amdhparis.org\/wordpress\/wp-content\/uploads\/2013\/08\/violeur-daniel.jpg\"><img loading=\"lazy\" decoding=\"async\" class=\"aligncenter size-full wp-image-811\" alt=\"violeur daniel\" src=\"http:\/\/amdhparis.org\/wordpress\/wp-content\/uploads\/2013\/08\/violeur-daniel.jpg\" width=\"800\" height=\"300\" srcset=\"http:\/\/amdhparis.org\/wordpress\/wp-content\/uploads\/2013\/08\/violeur-daniel.jpg 800w, http:\/\/amdhparis.org\/wordpress\/wp-content\/uploads\/2013\/08\/violeur-daniel-300x112.jpg 300w, http:\/\/amdhparis.org\/wordpress\/wp-content\/uploads\/2013\/08\/violeur-daniel-560x210.jpg 560w, http:\/\/amdhparis.org\/wordpress\/wp-content\/uploads\/2013\/08\/violeur-daniel-260x97.jpg 260w, http:\/\/amdhparis.org\/wordpress\/wp-content\/uploads\/2013\/08\/violeur-daniel-160x60.jpg 160w\" sizes=\"auto, (max-width: 800px) 100vw, 800px\" \/><\/a><\/p>\n<p><strong><span style=\"font-family: comic sans ms,sans-serif;\">L&rsquo;Association Marocaine des Droits Humains-Paris\/IDF (AMDH-Paris\/IDF) appelle \u00e0 manifester le samedi 3 ao\u00fbt \u00e0 18h devant l&rsquo;ambassade du Maroc \u00e0 Paris pour protester contre la scandaleuse gr\u00e2ce royale accord\u00e9e \u00e0 un p\u00e9dophile condamn\u00e9 \u00e0 trente ans de prison suite aux abus sexuels sur une dizaine d&rsquo;enfants.<\/span><\/strong><\/p>\n<p>Suivre l&rsquo;\u00e9v\u00e8nement sur <a href=\"https:\/\/www.facebook.com\/events\/310639175749173\/\" target=\"_blank\">facebook: https:\/\/www.facebook.com\/events\/310639175749173\/<\/a><\/p>\n<p>&nbsp;<\/p>\n","protected":false},"excerpt":{"rendered":"<p>L&rsquo;Association Marocaine des Droits Humains-Paris\/IDF (AMDH-Paris\/IDF) appelle \u00e0 manifester le samedi 3 ao\u00fbt \u00e0 18h devant l&rsquo;ambassade du Maroc \u00e0 Paris pour protester contre la scandaleuse gr\u00e2ce royale accord\u00e9e \u00e0 un p\u00e9dophile condamn\u00e9 \u00e0 trente ans de prison suite aux abus sexuels sur une dizaine d&rsquo;enfants. Suivre l&rsquo;\u00e9v\u00e8nement sur facebook: https:\/\/www.facebook.com\/events\/310639175749173\/ &nbsp;<\/p>\n","protected":false},"author":1,"featured_media":0,"comment_status":"open","ping_status":"open","sticky":false,"template":"","format":"standard","meta":{"footnotes":""},"categories":[3],"tags":[],"class_list":["post-810","post","type-post","status-publish","format-standard","hentry","category-evenements"],"post_mailing_queue_ids":[],"_links":{"self":[{"href":"http:\/\/amdhparis.org\/wordpress\/index.php?rest_route=\/wp\/v2\/posts\/810","targetHints":{"allow":["GET"]}}],"collection":[{"href":"http:\/\/amdhparis.org\/wordpress\/index.php?rest_route=\/wp\/v2\/posts"}],"about":[{"href":"http:\/\/amdhparis.org\/wordpress\/index.php?rest_route=\/wp\/v2\/types\/post"}],"author":[{"embeddable":true,"href":"http:\/\/amdhparis.org\/wordpress\/index.php?rest_route=\/wp\/v2\/users\/1"}],"replies":[{"embeddable":true,"href":"http:\/\/amdhparis.org\/wordpress\/index.php?rest_route=%2Fwp%2Fv2%2Fcomments&post=810"}],"version-history":[{"count":2,"href":"http:\/\/amdhparis.org\/wordpress\/index.php?rest_route=\/wp\/v2\/posts\/810\/revisions"}],"predecessor-version":[{"id":813,"href":"http:\/\/amdhparis.org\/wordpress\/index.php?rest_route=\/wp\/v2\/posts\/810\/revisions\/813"}],"wp:attachment":[{"href":"http:\/\/amdhparis.org\/wordpress\/index.php?rest_route=%2Fwp%2Fv2%2Fmedia&parent=810"}],"wp:term":[{"taxonomy":"category","embeddable":true,"href":"http:\/\/amdhparis.org\/wordpress\/index.php?rest_route=%2Fwp%2Fv2%2Fcategories&post=810"},{"taxonomy":"post_tag","embeddable":true,"href":"http:\/\/amdhparis.org\/wordpress\/index.php?rest_route=%2Fwp%2Fv2%2Ftags&post=810"}],"curies":[{"name":"wp","href":"https:\/\/api.w.org\/{rel}","templated":true}]}}