{"id":110,"date":"2011-02-27T18:57:03","date_gmt":"2011-02-27T18:57:03","guid":{"rendered":"http:\/\/amdhparis.org\/wordpress\/?p=110"},"modified":"2011-02-27T19:50:15","modified_gmt":"2011-02-27T19:50:15","slug":"le-relais-de-l%e2%80%99amdh-premiere-edition","status":"publish","type":"post","link":"https:\/\/amdhparis.org\/wordpress\/?p=110","title":{"rendered":"Le Relais de l\u2019AMDH &#8211; Premi\u00e8re \u00e9dition"},"content":{"rendered":"<p><a href=\"http:\/\/amdhparis.org\/wordpress\/wp-content\/uploads\/2011\/02\/Amis-AMDH-Paris.jpg\"><img loading=\"lazy\" decoding=\"async\" class=\"alignright size-full wp-image-111\" title=\"Amis-AMDH-Paris\" src=\"http:\/\/amdhparis.org\/wordpress\/wp-content\/uploads\/2011\/02\/Amis-AMDH-Paris.jpg\" alt=\"\" width=\"300\" height=\"300\" srcset=\"https:\/\/amdhparis.org\/wordpress\/wp-content\/uploads\/2011\/02\/Amis-AMDH-Paris.jpg 300w, https:\/\/amdhparis.org\/wordpress\/wp-content\/uploads\/2011\/02\/Amis-AMDH-Paris-150x150.jpg 150w\" sizes=\"auto, (max-width: 300px) 100vw, 300px\" \/><\/a>Les Amis de l\u2019AMDH-Paris vous invitent \u00e0 les retrouver dans la premi\u00e8re \u00e9dition des Relais de l\u2019AMDH.<\/p>\n<p>Le relais de l\u2019AMDH est une occasion de mieux conna\u00eetre l\u2019actualit\u00e9 des droits humains au Maroc ainsi que le r\u00f4le jou\u00e9 par l\u2019Association Marocaine des Droits Humains dans la d\u00e9nonciation et la pr\u00e9vention des violations de ces droits.<\/p>\n<p>A l\u2019heure o\u00f9 bon nombre de jeunes manifestent leur d\u00e9sir de changements institutionnels, il est opportun de d\u00e9couvrir la r\u00e9alit\u00e9 du respect des droits fondamentaux des citoyens marocains.<\/p>\n<p>Des dossiers th\u00e9matiques seront \u00e0 votre disposition pour consultation. Les membres de l\u2019association Les Amis de l\u2019AMDH-Paris auront le plaisir de vous accueillir afin de vous pr\u00e9senter ces dossiers, de les discuter avec vous et de r\u00e9pondre \u00e0 vos questions. Le Relais de l\u2019AMDH se veut ainsi un espace de d\u00e9bat et de dialogue.<\/p>\n<p>Rendez vous donc vendredi 4 mars \u00e0 Sciences Po, 27 Rue Saint Guillaume, m\u00e9tro ligne 4: Saint Germain des pr\u00e8s, Salle A34, entre 18H et 21H15.<\/p>\n","protected":false},"excerpt":{"rendered":"<p>Les Amis de l\u2019AMDH-Paris vous invitent \u00e0 les retrouver dans la premi\u00e8re \u00e9dition des Relais de l\u2019AMDH. Le relais de l\u2019AMDH est une occasion de mieux conna\u00eetre l\u2019actualit\u00e9 des droits humains au Maroc ainsi que le r\u00f4le jou\u00e9 par l\u2019Association Marocaine des Droits Humains dans la d\u00e9nonciation et la pr\u00e9vention des violations de ces droits. [&hellip;]<\/p>\n","protected":false},"author":1,"featured_media":0,"comment_status":"open","ping_status":"open","sticky":false,"template":"","format":"standard","meta":{"footnotes":""},"categories":[3],"tags":[],"class_list":["post-110","post","type-post","status-publish","format-standard","hentry","category-evenements"],"post_mailing_queue_ids":[],"_links":{"self":[{"href":"https:\/\/amdhparis.org\/wordpress\/index.php?rest_route=\/wp\/v2\/posts\/110","targetHints":{"allow":["GET"]}}],"collection":[{"href":"https:\/\/amdhparis.org\/wordpress\/index.php?rest_route=\/wp\/v2\/posts"}],"about":[{"href":"https:\/\/amdhparis.org\/wordpress\/index.php?rest_route=\/wp\/v2\/types\/post"}],"author":[{"embeddable":true,"href":"https:\/\/amdhparis.org\/wordpress\/index.php?rest_route=\/wp\/v2\/users\/1"}],"replies":[{"embeddable":true,"href":"https:\/\/amdhparis.org\/wordpress\/index.php?rest_route=%2Fwp%2Fv2%2Fcomments&post=110"}],"version-history":[{"count":4,"href":"https:\/\/amdhparis.org\/wordpress\/index.php?rest_route=\/wp\/v2\/posts\/110\/revisions"}],"predecessor-version":[{"id":114,"href":"https:\/\/amdhparis.org\/wordpress\/index.php?rest_route=\/wp\/v2\/posts\/110\/revisions\/114"}],"wp:attachment":[{"href":"https:\/\/amdhparis.org\/wordpress\/index.php?rest_route=%2Fwp%2Fv2%2Fmedia&parent=110"}],"wp:term":[{"taxonomy":"category","embeddable":true,"href":"https:\/\/amdhparis.org\/wordpress\/index.php?rest_route=%2Fwp%2Fv2%2Fcategories&post=110"},{"taxonomy":"post_tag","embeddable":true,"href":"https:\/\/amdhparis.org\/wordpress\/index.php?rest_route=%2Fwp%2Fv2%2Ftags&post=110"}],"curies":[{"name":"wp","href":"https:\/\/api.w.org\/{rel}","templated":true}]}}