{"id":116,"date":"2011-03-15T07:04:01","date_gmt":"2011-03-15T07:04:01","guid":{"rendered":"http:\/\/amdhparis.org\/wordpress\/?p=116"},"modified":"2011-03-15T07:04:01","modified_gmt":"2011-03-15T07:04:01","slug":"comite-marocain-de-suivi-du-20-fevrier-appel-a-manifester-et-a-se-rassembler-2","status":"publish","type":"post","link":"https:\/\/amdhparis.org\/wordpress\/?p=116","title":{"rendered":"Comit\u00e9 marocain de suivi du 20 f\u00e9vrier Appel \u00e0 manifester et \u00e0 se rassembler"},"content":{"rendered":"<p>Depuis que le vent de libert\u00e9 a souffl\u00e9 sur le Maghreb et le monde arabe, les jeunes marocains sont sortis le 20 f\u00e9vrier dans la plupart des villes et villages marocains pour r\u00e9clamer la libert\u00e9 et la d\u00e9mocratie. Depuis ce 20 f\u00e9vrier, un nouveau cycle de luttes s\u2019est ouvert par des manifestations d\u00e9centralis\u00e9es partout, au Maroc et ailleurs, pour exiger une rupture v\u00e9ritable et totale avec toutes les institutions non d\u00e9mocratiques mises en place par le r\u00e9gime.<\/p>\n<p><a href=\"http:\/\/amdhparis.org\/wordpress\/wp-content\/uploads\/2011\/03\/parvis.jpg\"><img loading=\"lazy\" decoding=\"async\" class=\"alignright size-medium wp-image-120\" title=\"parvis\" src=\"http:\/\/amdhparis.org\/wordpress\/wp-content\/uploads\/2011\/03\/parvis-300x200.jpg\" alt=\"\" width=\"300\" height=\"200\" srcset=\"https:\/\/amdhparis.org\/wordpress\/wp-content\/uploads\/2011\/03\/parvis-300x200.jpg 300w, https:\/\/amdhparis.org\/wordpress\/wp-content\/uploads\/2011\/03\/parvis.jpg 720w\" sizes=\"auto, (max-width: 300px) 100vw, 300px\" \/><\/a>La mobilisation n&rsquo;a pas cess\u00e9 malgr\u00e9 la r\u00e9pression, la d\u00e9sinformation, l\u2019intimidation et la diffamation \u00e0 l\u2019\u00e9gard des jeunes par les m\u00e9dias officiels et les diff\u00e9rents appareils du pouvoir.<\/p>\n<p>Le 9 mars a \u00e9t\u00e9 prononc\u00e9 le discours du monarque annon\u00e7ant une\u00a0<strong><span style=\"text-decoration: underline;\">r\u00e9vision, partielle et selon un agenda d\u00e9fini par le discours,<\/span><\/strong> de la constitution et\u00a0<strong><span style=\"text-decoration: underline;\">d\u00e9signant<\/span><\/strong> une commission, une fois de plus, pour cela. Les jeunes du mouvement du 20 f\u00e9vrier consid\u00e8rent cette r\u00e9ponse insuffisante et appellent \u00e0 continuer la lutte par de nouvelles\u00a0<strong><span style=\"text-decoration: underline;\">manifestations le 20 mars partout au Maroc et ailleurs<\/span><\/strong>, et demandent aux Marocaines et Marocains de continuer la mobilisation pour :<\/p>\n<ul>\n<li>Une\u00a0<strong><span style=\"text-decoration: underline;\">nouvelle<\/span><\/strong> constitution d\u00e9mocratique \u00e9manant de la\u00a0<strong><span style=\"text-decoration: underline;\">volont\u00e9<\/span><\/strong> du peuple.<\/li>\n<li>La\u00a0<strong><span style=\"text-decoration: underline;\">d\u00e9mission<\/span><\/strong> du gouvernement et la dissolution des deux chambres du parlement.<\/li>\n<li>La\u00a0<strong><span style=\"text-decoration: underline;\">s\u00e9paration<\/span><\/strong> des pouvoirs avec une justice ind\u00e9pendante.<\/li>\n<li>Le\u00a0<strong><span style=\"text-decoration: underline;\">jugement<\/span><\/strong> des responsables de la torture et les crimes contre les marocains.<\/li>\n<li>La lutte\u00a0<strong><span style=\"text-decoration: underline;\">effective contre la corruption<\/span><\/strong> et la\u00a0<strong><span style=\"text-decoration: underline;\">r\u00e9cup\u00e9ration des richesses spoli\u00e9es<\/span><\/strong> au peuple.<\/li>\n<li>La\u00a0<strong><span style=\"text-decoration: underline;\">lib\u00e9ration<\/span><\/strong> des d\u00e9tenus politiques.<\/li>\n<\/ul>\n<p>A l\u2019instar du mouvement du 20 f\u00e9vrier, le comit\u00e9 marocain de suivi du 20 f\u00e9vrier continuera \u00e0 supporter et soutenir la lutte du peuple marocain jusqu\u2019\u00e0 ce qu\u2019il arrache tous ses droits \u00e0 la dignit\u00e9, \u00e0 la justice et \u00e0 la libert\u00e9. Nous appelons \u00e0 un\u00a0:<\/p>\n<p style=\"text-align: center;\"><strong>Rassemblement<\/strong><\/p>\n<p style=\"text-align: center;\"><strong>Parvis des droits de l&rsquo;Homme\/Ambassade du Maroc<\/strong><\/p>\n<p style=\"text-align: center;\"><strong><span style=\"text-decoration: underline;\">Dimanche 20 Mars \u00e0 15 h<\/span><\/strong><\/p>\n<p style=\"text-align: center;\"><strong>Paris 16\u00e9me, M\u00e9tro Trocad\u00e9ro<\/strong><\/p>\n<p style=\"text-align: center;\"><strong>Soyons toutes et tous au rendez-vous<\/strong><\/p>\n<p><span style=\"text-decoration: underline;\">Organisations du comit\u00e9<\/span> :<\/p>\n<p><strong>AMF, ASDHOM, ATMF, FMVJ-France, Amis AMDH-Paris, APADM, FSCME, RIAS, Voie D\u00e9mocratique, PSU, PADS, 20 f\u00e9vrier-D\u00e9sir de changement, <\/strong><strong>Maroc Ecologie les Verts, CAPDEMA<\/strong><strong>.<\/strong><\/p>\n<p><span style=\"text-decoration: underline;\">Organisations soutenant le comit\u00e9<\/span> :<\/p>\n<p><strong>PCOT, AFASPA, CFDA, Manifeste des Libert\u00e9s, FTCR, ATF, ETTAJDID-France, ACHR, MRAP, CRLDHT, PCF, CISA, UJFP, UTIT, CLAD, RESPAIX, LDH, Parti de Gauche, Europe Ecologie les Verts, FASE, CORELSO,<\/strong> <strong>AFAPREDESA-France<\/strong>,\u00a0<strong> <\/strong><strong>Association IDEAL-92, Association Espace Farabi,<\/strong><strong> <\/strong><strong>NPA, PIR, PCOF, Solidarit\u00e9 Maroc 05, CNT, <\/strong><strong>Union syndicale Solidaires<\/strong>,\u00a0<strong>Institut Mehdi Ben Barka-M\u00e9moire Vivante <\/strong><strong>.<\/strong><\/p>\n<p>Pour tout contact :<br \/>\nJAITE Mohamed<br \/>\nCoordinateur du comit\u00e9 marocain de suivi du 20 f\u00e9vrier (Pr\u00e9sident de l&rsquo;association Les amis de l&rsquo;AMDH Paris)<br \/>\nT\u00e9l : 06.12.84.33.64<br \/>\nMail :\u00a0<a href=\"mailto:m.jaite@gmail.com\" target=\"_blank\">m.jaite@gmail.com<\/a><\/p>\n","protected":false},"excerpt":{"rendered":"<p>Depuis que le vent de libert\u00e9 a souffl\u00e9 sur le Maghreb et le monde arabe, les jeunes marocains sont sortis le 20 f\u00e9vrier dans la plupart des villes et villages marocains pour r\u00e9clamer la libert\u00e9 et la d\u00e9mocratie. Depuis ce 20 f\u00e9vrier, un nouveau cycle de luttes s\u2019est ouvert par des manifestations d\u00e9centralis\u00e9es partout, au [&hellip;]<\/p>\n","protected":false},"author":1,"featured_media":0,"comment_status":"open","ping_status":"open","sticky":false,"template":"","format":"standard","meta":{"footnotes":""},"categories":[3],"tags":[15,14],"class_list":["post-116","post","type-post","status-publish","format-standard","hentry","category-evenements","tag-20-mars","tag-amdh"],"post_mailing_queue_ids":[],"_links":{"self":[{"href":"https:\/\/amdhparis.org\/wordpress\/index.php?rest_route=\/wp\/v2\/posts\/116","targetHints":{"allow":["GET"]}}],"collection":[{"href":"https:\/\/amdhparis.org\/wordpress\/index.php?rest_route=\/wp\/v2\/posts"}],"about":[{"href":"https:\/\/amdhparis.org\/wordpress\/index.php?rest_route=\/wp\/v2\/types\/post"}],"author":[{"embeddable":true,"href":"https:\/\/amdhparis.org\/wordpress\/index.php?rest_route=\/wp\/v2\/users\/1"}],"replies":[{"embeddable":true,"href":"https:\/\/amdhparis.org\/wordpress\/index.php?rest_route=%2Fwp%2Fv2%2Fcomments&post=116"}],"version-history":[{"count":6,"href":"https:\/\/amdhparis.org\/wordpress\/index.php?rest_route=\/wp\/v2\/posts\/116\/revisions"}],"predecessor-version":[{"id":123,"href":"https:\/\/amdhparis.org\/wordpress\/index.php?rest_route=\/wp\/v2\/posts\/116\/revisions\/123"}],"wp:attachment":[{"href":"https:\/\/amdhparis.org\/wordpress\/index.php?rest_route=%2Fwp%2Fv2%2Fmedia&parent=116"}],"wp:term":[{"taxonomy":"category","embeddable":true,"href":"https:\/\/amdhparis.org\/wordpress\/index.php?rest_route=%2Fwp%2Fv2%2Fcategories&post=116"},{"taxonomy":"post_tag","embeddable":true,"href":"https:\/\/amdhparis.org\/wordpress\/index.php?rest_route=%2Fwp%2Fv2%2Ftags&post=116"}],"curies":[{"name":"wp","href":"https:\/\/api.w.org\/{rel}","templated":true}]}}